{"id":8772,"date":"2020-09-24T02:38:36","date_gmt":"2020-09-24T06:38:36","guid":{"rendered":"https:\/\/artspond.com\/2020\/09\/24\/cet-espace-des-lecons-tirees-du-paysage\/"},"modified":"2021-05-17T12:27:20","modified_gmt":"2021-05-17T16:27:20","slug":"cet-espace-des-lecons-tirees-du-paysage","status":"publish","type":"post","link":"https:\/\/artspond.com\/fr\/2020\/09\/24\/cet-espace-des-lecons-tirees-du-paysage\/","title":{"rendered":"Cet espace: Des le\u00e7ons tir\u00e9es du paysage"},"content":{"rendered":"<p><span style=\"font-weight: 400;\">\u00c9tang d&rsquo;Arts<\/span>, Histoire de terrain + Roseneath Theatre pr\u00e9sente <\/p>\n<h4><strong>Cet espace: Des le\u00e7ons tir\u00e9es du paysage<\/strong><\/h4>\n<p>Anim\u00e9 par <strong>Jessa Agilo<\/strong> (<span style=\"font-weight: 400;\">\u00c9tang d&rsquo;Arts<\/span>) et <strong>Ashley Proctor<\/strong> (<strong><a href=\"https:\/\/creativeblueprint.ca\/\" target=\"_blank\" rel=\"noopener noreferrer\">Creative Blueprint<\/a><\/strong>)<\/p>\n<p><strong>Le<\/strong> <strong>27 octobre 2020, de 12h \u00e0 14h Est.\u00a0 <a href=\"https:\/\/zoom.us\/meeting\/register\/tJIvcu2hpzooHNxEpE2E04WQc_bfoBAJhAvy\" target=\"_blank\" rel=\"noopener noreferrer\"><br \/>\nS&rsquo;inscrire (Zoom)<\/a><\/strong><\/p>\n<p>&nbsp;<\/p>\n<p>Les villes sont sous pression partout dans le monde. Le manque de logements et d&rsquo;espaces de travail accessibles a atteint un point critique alors que les artistes et d&rsquo;autres collectivit\u00e9s \u00e0 faibles revenus luttent pour survivre aux forces rapides et in\u00e9quitables du changement de quartier, de l&#8217;embourgeoisement, de la pr\u00e9carit\u00e9 spatiale et du d\u00e9placement.<\/p>\n<p>Le 27 octobre, apprenez comment r\u00e9pondre \u00e0 l&#8217;embourgeoisement et renforcer l&rsquo;acc\u00e8s \u00e0 des espaces artistiques abordables pour l&rsquo;int<span style=\"font-weight: 400;\">\u00e9r\u00eat<\/span> public gr\u00e2ce \u00e0 des le\u00e7ons (et des conf\u00e9renciers invit\u00e9s) du Canada, des \u00c9tats-Unis et de l&rsquo;Europe.<\/p>\n<p>Ce webinaire gratuit c\u00e9l\u00e8bre le lancement de la publication intitul\u00e9 <em><strong><a href=\"https:\/\/artspond.com\/actions\/quel-espace\/?lang=fr\" target=\"_blank\" rel=\"noopener noreferrer\">Quel espace: pr\u00e9carit\u00e9 spatiale, embourgeoisement, et les arts<\/a><\/strong><\/em>, une publication d&rsquo;<span style=\"font-weight: 400;\">\u00c9tang d&rsquo;Arts + Histoire de terrain qui constitue <\/span>un rapport de recherche de trois ans sur les racines, les ondulations et les r\u00e9ponses \u00e0 l&#8217;embourgeoisement dans le domaine des arts dans la r\u00e9gion du Grand Toronto et de Hamilton et au-del\u00e0.<\/p>\n<p>Un panel international d&rsquo;experts immobiliers \u00e0 vocation sociale explore \u00e9galement une panoplie de solutions \u00e0 la pr\u00e9carit\u00e9 spatiale et \u00e0 la crise de l&rsquo;accessibilit\u00e9 financi\u00e8re tant pr<span style=\"font-weight: 400;\">\u00e9sentement qu&rsquo;\u00e0 l&rsquo;avenir<\/span>, notamment les fiducies fonci\u00e8res communautaires, les r\u00e9seaux d&rsquo;entraide, l&rsquo;am\u00e9nagement urbain men\u00e9 par des jeunes avec et pour des communaut\u00e9s en qu\u00eate d&rsquo;\u00e9quit\u00e9, et bien d&rsquo;autres encore.<\/p>\n<p>Parmi les pan\u00e9listes figurent (d&rsquo;autres \u00e0 venir):<\/p>\n<li><strong>Elise Antoniadis + Darian Razdar<\/strong> (<strong><a href=\"https:\/\/reflexurbanism.wordpress.com\/\" target=\"_blank\" rel=\"noopener noreferrer\">Reflex Urbanism<\/a><\/strong>, Toronto)<\/li>\n<li><b>Ruth Belay <\/b><span style=\"font-weight: 400;\">(<\/span><b><a href=\"https:\/\/www.facebook.com\/BlackUrbanismTO\/\">Black Urbanism TO<\/a><\/b><span style=\"font-weight: 400;\">, Toronto)<\/span><\/li>\n<li><strong>Yves Blais <\/strong>(<strong><a href=\"https:\/\/www.creativelandtrust.org\/\" target=\"_blank\" rel=\"noopener noreferrer\">Creative Land Trust<\/a><\/strong>, Londres, UK)<\/li>\n<li><strong>Joshua Brandt<\/strong> (<strong><a href=\"http:\/\/www.pnlt.ca\/\" target=\"_blank\" rel=\"noopener noreferrer\">Parkdale Neighbourhood Land Trust<\/a><\/strong>, Toronto)<\/li>\n<li><strong>Cheryll Case<\/strong> (<strong><a href=\"https:\/\/cpplanning.ca\/\" target=\"_blank\" rel=\"noopener noreferrer\">CP Planning<\/a><\/strong> \/ <strong><a href=\"https:\/\/cpplanning.ca\/bfoe\" target=\"_blank\" rel=\"noopener noreferrer\">Black Futures on Eglinton<\/a><\/strong>, Toronto)<\/li>\n<li><b>Louis-Etienne Dubois<\/b><span style=\"font-weight: 400;\"> (<\/span><b><a href=\"https:\/\/www.ryerson.ca\/fcad\/news\/2020\/10\/industry-partners-support-new-placemaking-research-study\/\">Universit\u00e9 Ryerson<\/a><\/b><span style=\"font-weight: 400;\">, Toronto)<\/span><\/li>\n<li><strong>Moy Eng<\/strong> (<strong><a href=\"https:\/\/cast-sf.org\/\" target=\"_blank\" rel=\"noopener noreferrer\">Community Arts Stabilization Trust<\/a><\/strong>, San Francisco)<\/li>\n<li><strong>Anthea Foyer<\/strong> (<strong><a href=\"https:\/\/smartcity.mississauga.ca\/\">SMRTCTY<\/a><\/strong>, Planification culturelle, ville de Mississauga)<\/li>\n<li><strong>Kendra Fry<\/strong> (<strong><a href=\"https:\/\/www.faithcommongood.org\/\" target=\"_blank\" rel=\"noopener noreferrer\">Faith and the Common Good<\/a><\/strong> \/ <strong><a href=\"https:\/\/www.creativecollisions.org\/\" target=\"_blank\" rel=\"noopener noreferrer\">Creative Collisions<\/a><\/strong>, Toronto)<\/li>\n<li><strong>Amy Gottung<\/strong> <strong>(<a href=\"http:\/\/www.torontolongwinter.com\/\" target=\"_blank\" rel=\"noopener noreferrer\">Long Winter<\/a><\/strong>, Toronto)<\/li>\n<li><strong>Sally Han + Lori Martin<\/strong> (<strong><a href=\"https:\/\/www.toronto.ca\/city-government\/accountability-operations-customer-service\/city-administration\/staff-directory-divisions-and-customer-service\/economic-development-culture\/\" target=\"_blank\" rel=\"noopener noreferrer\">Economic Development &amp; Culture<\/a><\/strong>, ville de Toronto)<\/li>\n<li><strong>Maggie Hutcheson<\/strong> (<strong><a href=\"https:\/\/buildbloordufferin.ca\/\" target=\"_blank\" rel=\"noopener noreferrer\">Build a Better Bloor-Dufferin<\/a><\/strong>, Toronto)<\/li>\n<li><strong>Diana Moser\u00a0<\/strong>(<strong><a href=\"https:\/\/www.artsbuildontario.ca\/\" target=\"_blank\" rel=\"noopener noreferrer\">ArtsBuild Ontario<\/a><\/strong>, Kitchener)<\/li>\n<li><strong>Brian McBay\u00a0<\/strong>(<strong><a href=\"https:\/\/221a.ca\/research-initiatives\/cultural-land-trust-study\" target=\"_blank\" rel=\"noopener noreferrer\">221A \/ Vancouver Cultural Land Trust Study<\/a><\/strong>, Vancouver)<\/li>\n<li><strong>Cecelia Pye <\/strong>(<strong><a href=\"https:\/\/www.schoolofcities.utoronto.ca\/research\/creative-mixed-use\" target=\"_blank\" rel=\"noopener noreferrer\">Creative Mixed-Use Team, School of Cities<\/a><\/strong>, Universit\u00e9 de Toronto)<\/li>\n<li><strong>Michael Vickers<\/strong> (<strong><a href=\"https:\/\/www.akincollective.com\/\" target=\"_blank\" rel=\"noopener noreferrer\">Akin Collective<\/a><\/strong>, Toronto)<\/li>\n<\/ul>\n<p>R\u00e9alis\u00e9<\/span> avec l&rsquo;appui du Conseil des arts du Canada, de la Fondation Trillium de l&rsquo;Ontario et du gouvernement du Canada. Veuillez noter que, dans notre bulletin d&rsquo;information, on a incorrectement annonc\u00e9 que cet \u00e9v\u00e9nement aura lieu le 20 octobre. L&rsquo;\u00e9v\u00e9nement aura lieu le 27 octobre.<\/p>\n<h4><span style=\"font-weight: 400;\">ANIMATEURS<\/span><\/h4>\n<p><strong>Jessa Agilo (\u00c9tang d&rsquo;Arts, Toronto)<\/strong><br \/>\nJessa Agilo est une cr\u00e9atrice d&rsquo;arts int\u00e9gr\u00e9s, productrice, \u00e9ducatrice, cr\u00e9atrice de changement et entrepreneure sociale, avec une carri\u00e8re de trois d\u00e9cennies dans le domaine des arts et de la culture. En tant que fondatrice d&rsquo;<span style=\"font-weight: 400;\">\u00c9tang d&rsquo;Arts<\/span>, elle a men\u00e9 des efforts avant-gardistes pour aborder l&#8217;embourgeoisement (Histoire de terrain), la transformation num\u00e9rique des services artistiques (OSANum<span style=\"font-weight: 400;\">\u00e9riques<\/span>), la r\u00e9ponse \u00e0 COVID-19 (J&rsquo;ai perdu mon contrat Canada), la conception de logiciels libres de gestion des arts (Hatch Open), des coop\u00e9ratives de plate-forme (Artse United), des organismes fonciers cr\u00e9atives (Groundtrust), et bien d&rsquo;autres choses encore. Elle a re\u00e7u le prix Humberto Santos en affaires et en administration en 2006 et la bourse Leaders Lab de Toronto Arts Council en 2019.<\/p>\n<p><strong>Ashley Proctor (Creative Blueprint, Toronto, Vancouver et Seattle)<\/strong><br \/>\nAshley Proctor est une artiste, une entrepreneure sociale et une organisatrice communautaire. Ashley a mis au point le Xpace, Creative Blueprint, Foundery, et le coworking <span style=\"font-weight: 400;\">\u00e0<\/span> 312 Main, des espaces cr\u00e9atifs et culturels \u00e0 Toronto, Vancouver et Seattle. Ashley a cofond\u00e9 les collectifs Coworking Toronto et Coworking Ontario, et elle a cr\u00e9\u00e9 COHIP &#8211; le premier r<span style=\"font-weight: 400;\">\u00e9gime<\/span> d&rsquo;assurance-maladie de coworking au monde &#8211; pour tous les artistes et tous les travailleurs ind\u00e9pendants de partout du Canada. Ashley est dans son \u00e9l\u00e9ment tout en cr\u00e9ant les conditions n\u00e9cessaires \u00e0 l&rsquo;\u00e9tablissement de liens significatifs, au d\u00e9veloppement durable et au changement social. Au cours des 17 derni\u00e8res ann\u00e9es, son entreprise <\/span><a href=\"https:\/\/creativeblueprint.ca\"><span style=\"font-weight: 400;\">Creative Blueprint<\/span><\/a><span style=\"font-weight: 400;\"> a inspir\u00e9 un r\u00e9seau mondial de catalyseurs et de cr<span style=\"font-weight: 400;\">\u00e9ateurs<\/span> de changement, travaillant en partenariat avec des r\u00e9sidents du quartier, des groupes communautaires, des syndicats, des collectifs, des promoteurs, des l\u00e9gislateurs, des militants et tous les ordres de gouvernement pour jeter des ponts et fa\u00e7onner notre nouveau paysage de collaboration.<\/p>\n<h4><span style=\"font-weight: 400;\">PANELISTES<\/span><\/h4>\n<p><strong>Elise Antoniadis et Darian Razdar (Reflex Urbanism, Toronto)<\/strong><br \/>\nReflex Urbanism est un partenariat de collaboration entre Elise Antoniadis et Darian Razdar. Le travail de Reflex se situe \u00e0 l&rsquo;intersection de l&rsquo;organisation communautaire, de la recherche urbaine et de l&rsquo;engagement cr\u00e9atif. Le studio met au point des strat\u00e9gies orient\u00e9es vers la justice afin d&rsquo;envisager un nouvel urbanisme qui valorise l&rsquo;autod\u00e9termination de la communaut\u00e9, l&rsquo;entraide et le consentement dans le cadre d&rsquo;un mod\u00e8le de changement transformatif. Reflex entreprend actuellement un nouveau projet d\u00e9nomm\u00e9 Reflex Artist-Run Co-operative Pilot Program, qu&rsquo;on devra lancer au printemps 2021. Ce projet r\u00e9unira des jeunes artistes allosexuels et transsexuels noirs, des artistes autochtones et POC (QTBIPOC) et des travailleurs culturels ind\u00e9pendants, pour qu&rsquo;ils collaborent sur<span style=\"font-weight: 400;\">\u00a0<\/span>un programme de mentorat et de visualisation d&rsquo;une dur<span style=\"font-weight: 400;\">\u00e9e<\/span> de six mois.<\/p>\n<p><strong>Yves Blais (Creative Land Trust, Londres, Royaume-Uni)<\/strong><br \/>\nYves a particip\u00e9 \u00e0 la r\u00e9alisation du projet Creative Land Trust depuis sa cr\u00e9ation,visant \u00e0 s\u00e9curiser et \u00e0 prot\u00e9ger <span style=\"font-weight: 400;\">\u00e0 perp\u00e9tuit\u00e9<\/span> des espaces de studio abordables pour les artistes \u00e0 Londres et dans tout le Royaume-Uni. Il a de l&rsquo;exp\u00e9rience dans le conseil et dans le courtage d&rsquo;opportunit<span style=\"font-weight: 400;\">\u00e9s<\/span> dans le domaine de l&rsquo;immobilier pour l&rsquo;approvisionnement d&rsquo;espaces de travail abordables qui refl\u00e8tent et r\u00e9pondent aux besoins des communaut\u00e9s locales. Il est membre du conseil de Forma, une association caritative de commissionnement et de production d&rsquo;arts, et gr\u00e2ce \u00e0 son travail en tant que producteur et en tant que conservateur de programmes publics <span style=\"font-weight: 400;\">\u00e0 travers le<\/span> Royaume-Uni, il comprend l&rsquo;importance des infrastructures culturelles et du soutien \u00e0 la production cr\u00e9ative dans nos centres urbains.<\/p>\n<p><strong>Joshua Brandt (Parkdale Neighbourhood Land Trust, Toronto)<\/strong><br \/>\nJoshua est le directeur ex\u00e9cutif de Parkdale Neighbourhood Land Trust, une organisation communautaire \u00e0 but non lucratif qui acquiert des terrains pour la construction de logements abordables, de logements supervis\u00e9s et pour le d\u00e9veloppement \u00e9conomique communautaire dans le quartier Parkdale de Toronto. Il est le cofondateur de Canadian Network of Community Land Trust. Il a travaill\u00e9 auparavant comme agent de liaison communautaire en coordonnant un accord sur les avantages communautaires dans le cadre de la revitalisation de Lawrence Heights. Il a d<span style=\"font-weight: 400;\">\u00e9j\u00e0 <\/span>\u00e9t\u00e9 consultant en communication et de campagne pour Right to the City Alliance \u00e0 la ville de New York. Il est titulaire d&rsquo;une ma\u00eetrise en conception et en \u00e9cologie urbaine de PArsons School of Design <span style=\"font-weight: 400;\">\u00e0 <\/span>New School.<\/p>\n<p><strong>Cheryll Case (CP Planning, Toronto)<\/strong><br \/>\nCheryll est la directrice fondatrice de CP Planning, une firme d&rsquo;urbanisme qui s&rsquo;int\u00e9resse de pr\u00e8s aux conditions urbaines qui affectent l&rsquo;acc\u00e8s au logement, au travail et aux loisirs. Elle se sp\u00e9cialise dans la conception de conversations inclusives qui \u00e9tablissent des relations entre diverses industries dans les secteurs \u00e0 but non lucratif, priv\u00e9 et public. Depuis qu&rsquo;elle a obtenu sa licence en planification urbaine et r\u00e9gionale de l&rsquo;universit\u00e9 Ryerson en 2017, Cheryll a \u00e9t\u00e9 une force dirigeante dans le discours public sur la planification communautaire. Elle a <span style=\"font-weight: 400;\">\u00e9tabli <\/span>des partenariats et a men\u00e9 des travaux avec un vaste \u00e9ventail d&rsquo;institutions et de membres de la communaut\u00e9. Ontario Home Builders Association, Residential Construction Union, et Toronto Regional Board of Trade, ont sollicit<span style=\"font-weight: 400;\">\u00e9<\/span> ses services, tout comme les promoteurs locaux de logements abordables, Evergreen et Laidlaw Foundation parmi d&rsquo;autres.<\/p>\n<p><strong>Moy Eng (Community Arts Stabilization Trust, San Francisco + Oakland, Californie)<\/strong><br \/>\nMoy Eng a commenc\u00e9 sa carri\u00e8re \u00e0 New York, en collectant des fonds pour Alvin Ailey American Dance Theater et Orchestra of St. Luke&rsquo;s, et a travaill\u00e9 pendant plus de trois d\u00e9cennies comme cadre dirigeante dans le domaine des arts et de la culture, des \u00e9nergies renouvelables et des droits de l&rsquo;homme. L&rsquo;art est plac<span style=\"font-weight: 400;\">\u00e9<\/span> au coeur de sa vie, et elle soutient les artistes et r\u00e9alise des \u0153uvres d&rsquo;art en tant que po\u00e8te, compositrice et chanteuse. Le jour, Moy est la PDG de <\/span><a href=\"https:\/\/cast-sf.org\/\"><span style=\"font-weight: 400;\">Community Arts Stabilization Trust <\/span><\/a><span style=\"font-weight: 400;\"> (CAST), une organisation \u00e0 but non lucratif de d\u00e9veloppement immobilier bas\u00e9e \u00e0 San Francisco qui se consacre \u00e0 la cr\u00e9ation de logements et d&rsquo;espaces de travail permanents et abordables pour le secteur des arts et de la culture dans l&rsquo;une des villes les plus ch\u00e8res au monde <span style=\"font-weight: 400;\">\u00e0<\/span> vivre et <span style=\"font-weight: 400;\">\u00e0 <\/span>travailler. Cr\u00e9\u00e9 il y a seulement sept ans, des responsables civiques et culturels \u00e0 Amsterdam, Austin, Denver, Londres, Paris, Seattle, Sydney et Vancouver, parmi bien d&rsquo;autres villes, et dans des publications de World Cities Culture Forum et de Federal Reserve Bank de San Francisco ont d\u00e9j\u00e0 cit\u00e9 CAST comme un mod\u00e8le de gestion d&rsquo;espace cr\u00e9atif. La nuit, Moy est \u00e9crivain et chanteuse. Elle a r\u00e9cemment sorti son premier enregistrement, <\/span><a href=\"https:\/\/thebluehourproject.com\/\"><span style=\"font-weight: 400;\">the blue hour<\/span><\/a><span style=\"font-weight: 400;\">, qui a re<span style=\"font-weight: 400;\">\u00e7u des critiques \u00e9logieuses<\/span> et qu&rsquo;on a diffus\u00e9 sur les ondes internationales, et qu&rsquo;elle a coproduit avec Wayne Wallace, quatre fois nomin\u00e9 aux Grammy Awards.<\/p>\n<p><strong>Kendra Fry (Creative Collisions\/La foi et le bien commun, Toronto)<\/strong><br \/>\nKendra Fry a eu une longue carri\u00e8re en tant que directrice g\u00e9n\u00e9rale dans le domaine du th\u00e9\u00e2tre avant de commencer son travail dans la cr\u00e9ation de centres communautaires multisectoriels pour le bien commun. Travaillant <span style=\"font-weight: 400;\">\u00e0<\/span> travers tout le Canada, Kendra r<span style=\"font-weight: 400;\">\u00e9v\u00e8le<\/span> la valeur cach\u00e9e dans l&#8217;emplacement de l&rsquo;<span style=\"font-weight: 400;\">\u00e9difice<\/span> de la foi, en cr\u00e9ant de vastes centres communautaires intersectoriels qui incluent les arts, le logement, la s\u00e9curit\u00e9 alimentaire, l&rsquo;\u00e9ducation et de nombreuses autres organisations \u00e0 but non lucratif. Avec Milton Friesen, Kendra est l&rsquo;auteure de \u00ab\u00a0No Space for Community; An in depth look into the loss of infrastructure due to faith building closures in Ontario\u00a0\u00bb, que vous pouvez lire \u00e0 l&rsquo;adrese suivante: <a href=\"http:\/\/www.communityspacefaithplace.org.\">www.communityspacefaithplace.org.<\/a> Vous pouvez d<span style=\"font-weight: 400;\">\u00e9couvrir<\/span> certains de ses projets \u00e0 l&rsquo;adrese suivante: <a href=\"http:\/\/www.creativecollisions.org\">www.creativecollisions.org<\/a>.\u00a0<\/span><\/p>\n<p><strong>Sally Han (Economic Development &amp; Culture, ville de Toronto)<\/strong><br \/>\nSally est la directrice de l&rsquo;unit\u00e9 des partenariats culturels de la section des arts et de la culture, <span style=\"font-weight: 400;\">\u00e0 economic Development &amp; Culture<\/span> \u00e0 la ville de Toronto, y compris le portefeuille des subventions, l&rsquo;art public et le d\u00e9veloppement culturel. Elle a occup\u00e9 les postes suivants: officier principal des affaires culturelles et du d\u00e9veloppement culturel \u00e0 la ville de Toronto, consultante en arts au minist\u00e8re du Patrimoine canadien, responsable de l&rsquo;\u00e9laboration de la politique artistique \u00e0 la ville de Mississauga, et \u00e9crivain et productrice \u00e0 la radio de la CBC. Elle est titulaire d&rsquo;une licence en art dramatique et en sciences politiques de l&rsquo;universit\u00e9 de Toronto.<\/p>\n<p><strong>Maggie Hutcheson (Build a Better Bloor Dufferin, Toronto)<\/strong><br \/>\nMaggie Hutcheson est une artiste communautaire, une \u00e9ducatrice, une conservatrice, une consultante et la copr\u00e9sidente de Build and Better Bloor Dufferin. Au cours des 15 derni\u00e8res ann\u00e9es, elle a collabor\u00e9 avec d&rsquo;autres artistes et des r\u00e9sidents de Toronto pour animer des histoires orales sur la guerre, l&#8217;embourgeoisement, l&rsquo;absence de domicile et la migration. Maggie a travaill\u00e9 avec une vari<span style=\"font-weight: 400;\">\u00e9t\u00e9<\/span> d&rsquo;organisations artistiques et non artistiques, notamment la CBC, le Jumblies Theatre, MABELLEarts, Toronto Arts Foundation et l&rsquo;universit\u00e9 de York. En 2011, elle a cofond\u00e9\u00a0 Department of Public Memory, un collectif artistique prim\u00e9 qui comm\u00e9more les institutions publiques n\u00e9glig\u00e9es de Toronto. Maggie est l&rsquo;auteure du manuel r\u00e9cemment publi\u00e9 par le Conseil des arts de l&rsquo;Ontario sur les meilleures pratiques dans les arts communautaires que le Conseil des arts de l&rsquo;Ontario a r\u00e9cemment publi\u00e9. Elle poss\u00e8de une vaste exp\u00e9rience dans l&rsquo;enseignement et elle est titulaire d&rsquo;un doctorat en \u00e9tudes environnementales.<\/p>\n<p><strong>Lori Martin (Economic Development &amp; Culture, ville de Toronto)<\/strong><br \/>\nLori est l&rsquo;agente des affaires culturelles \u00e0 la ville de Toronto et elle est une urbaniste. Elle a travaill\u00e9 sur la r\u00e9utilisation adaptative des b\u00e2timents patrimoniaux \u00e0 des fins culturelles, tels que Artscape Wychwood Barns et Evergreen Brick Works. En tant que membre de l&rsquo;\u00e9quipe de Economic Development &amp; Culture, Lori \u00e9labore des plans culturels, n\u00e9gocie les accords de l&rsquo;article 37 et met en \u0153uvre des projets de logements et d&rsquo;espaces de travail accessibles\/abordables pour le secteur culturel. Lori s&rsquo;engage \u00e0 augmenter la cr\u00e9ativit\u00e9 dans les endroits o\u00f9 nous vivons dans le but de d\u00e9velopper de nouvelles mani<span style=\"font-weight: 400;\">\u00e8res <\/span>de stimuler la prosp\u00e9rit\u00e9 r\u00e9gionale en tirant profit des liens entre la culture, l&rsquo;\u00e9conomie et le lieu.<\/p>\n<p><strong>Brian McBay (221A, Vancouver)<\/strong><br \/>\nBrian est le directeur g\u00e9n\u00e9ral de 221A, une organisation \u00e0 but non lucratif qui travaille avec des artistes et des concepteurs pour faire des recherches sur des infrastructures sociales, culturelles et \u00e9cologiques reposant sur les territoires non c\u00e9d\u00e9s des Premi\u00e8res nations Musqueam, Squamish et Tsleil-Waututh dans la ville qu&rsquo;on conna<span style=\"font-weight: 400;\">\u00eet<\/span> sous le nom de Vancouver, et les d\u00e9velopper . En tant qu&rsquo;\u00e9l<span style=\"font-weight: 400;\">\u00e8ve-<\/span> cofondateur de 221A au pire de la crise \u00e9conomique mondiale de 2007-08, il fait partie d&rsquo;une nouvelle g\u00e9n\u00e9ration de leaders dans le secteur culturel visant \u00e0 inverser l&rsquo;aggravation des in\u00e9galit\u00e9s, de la x\u00e9nophobie et du colonialisme au Canada. En plus de son r\u00f4le au sein de 221A, on l&rsquo;a nomm\u00e9 membre du Forum mondial de Salzbourg en 2018 et actuellement, il est pr\u00e9sident du R<span style=\"font-weight: 400;\">\u00e9pertoire des collectifs et des centres d&rsquo;artistes autog\u00e9r\u00e9s<\/span>, membre du comit\u00e9 consultatif des arts et de la culture de la ville de Vancouver, membre du conseil d&rsquo;administration du Mus\u00e9e des beaux-arts du Canada et membre du conseil d&rsquo;administration du Mus\u00e9e sino-canadien qu&rsquo;on a r\u00e9cemment fond\u00e9.<\/p>\n<p><strong>Diana Moser (ArtsBuild Ontario, Kitchener)<\/strong><br \/>\nDiana est la directrice ex\u00e9cutive int\u00e9rimaire de ArtsBuild Ontario, un organisation aux services des arts qui se consacre \u00e0 la mise en place des solutions \u00e0 long terme pour la construction, la gestion et le financement des installations artistiques durables dont les communaut\u00e9s ontariennes ont besoin. ABO r\u00e9unit des recherches et des donn\u00e9es afin d&rsquo;informer les initiatives d&rsquo;apprentissage, les outils, les ressources et les campagnes de plaidoyer qui soutiennent le d\u00e9veloppement et la gestion des espaces cr\u00e9atifs et des personnes qui les dirigent. Diana est titulaire d&rsquo;une licence et d&rsquo;une ma\u00eetrise en histoire de l&rsquo;universit\u00e9 McMaster, ainsi que d&rsquo;une ma\u00eetrise en mus\u00e9ologie (MMSt) de l&rsquo;universit\u00e9 de Toronto. Son travail professionnel s&rsquo;\u00e9tend aux conseils des arts, aux compagnies de th\u00e9\u00e2tre, aux mus\u00e9es, aux d\u00e9partements universitaires et aux structures gouvernementales municipales et provinciales. Elle est une collaboratrice qui poss<span style=\"font-weight: 400;\">\u00e8de beaucoup d&rsquo;exp\u00e9rience dans les <\/span>organisations communautaires, \u00e0 but lucratif, \u00e9ducatives, culturelles, priv\u00e9es et gouvernementales. Dans sa vie tout comme dans son travail, elle profite abondamment de ses exp\u00e9riences de vie dans le nord de l&rsquo;Alberta et dans le sud dense de l&rsquo;Ontario. Diana est \u00e9galement une musicienne et une artiste de th\u00e9\u00e2tre accomplie, ayant l&rsquo;exp\u00e9rience de la direction d&rsquo;une petite compagnie de th\u00e9\u00e2tre ind\u00e9pendante et de la production d&rsquo;\u0153uvres artistiques.<\/p>\n<p><strong>Cecelia Pye (School of Cities, Universit\u00e9 de Toronto, Toronto)<\/strong><br \/>\nCecelia est une urbaniste et la responsable du projet pour l&rsquo;initiative Creative Mixed-Use et de Urban Pilot Lab \u00e0 School of Cities, Universit\u00e9 de Toronto. Les b\u00e2timents de Creative Mixed-Use rassemblent des usages publics et priv\u00e9s de mani\u00e8re cr\u00e9ative, en localisant des partenaires inattendus dans le m\u00eame \u00e9tablissement. L&rsquo;initiative fournit un service de rapprochement pour les partenaires dans les b\u00e2timents , propose des modules de formation pour aider les organisations \u00e0 travers ces processus de d\u00e9veloppement complexes et fournit un soutien sp\u00e9cifique aux sites pour les b\u00e2timents \u00e0 usage mixte. Cecelia soutient \u00e9galement Urban Pilot Lab, o\u00f9 des projets de recherche interdisciplinaires abordent les questions critiques auxquelles les villes et les citoyens font face.<\/p>\n<p><strong>Michael Vickers\/(Akin, Toronto)<\/strong><br \/>\nMichael Vickers est un artiste et le codirecteur de l&rsquo;organisation artistique locale Akin, qui fournit des espaces de studio abordables \u00e0 plus de 300 artistes dans 8 endroits du centre-ville de Toronto et un calendrier d&rsquo;un an d&rsquo;\u00e9v\u00e9nements artistiques communautaires gratuits ou peu co\u00fbteux dans toute la ville. Vickers est titulaire d&rsquo;une ma\u00eetrise en histoire de l&rsquo;art de l&rsquo;universit\u00e9 de Toronto et d&rsquo;une licence en arts visuels et communications. Il a expos\u00e9 ses oeuvres au niveau local et international, notamment \u00e0 Volta Basel, \u00e0 Mercer Union, \u00e0 Clark House Mumbai, \u00e0 la Galerie Division, \u00e0 DesignTO, \u00e0 la Patrick Mikhail Galerie-Gallery et dans des installations collectives \u00e0 Art Gallery of Ontario et \u00e0 Gardiner Museum. <\/span><a href=\"http:\/\/www.michaelvickers.org\/\"><span style=\"font-weight: 400;\">www.michaelvickers.org<\/span><\/a><\/p>\n","protected":false},"excerpt":{"rendered":"<p>Le 27 octobre 2020, d\u00e9couvrez comment renforcer l&rsquo;acc\u00e8s \u00e0 des communaut\u00e9s artistiques abordables pour l&rsquo;int\u00e9r\u00eat public gr\u00e2ce \u00e0 des le\u00e7ons du Canada, des \u00c9tats-Unis et de l&rsquo;Europe.<\/p>\n","protected":false},"author":1,"featured_media":8748,"comment_status":"closed","ping_status":"closed","sticky":false,"template":"","format":"standard","meta":{"footnotes":""},"categories":[194],"tags":[154,258,92,250,289,257],"class_list":["post-8772","post","type-post","status-publish","format-standard","has-post-thumbnail","hentry","category-cours","tag-embourgeoisement","tag-groundtrust-fr","tag-histoire-de-terrain","tag-justice-spatiale","tag-land-trusts-fr","tag-social-purpose-real-estate-fr"],"yoast_head":"<!-- This site is optimized with the Yoast SEO plugin v27.5 - https:\/\/yoast.com\/product\/yoast-seo-wordpress\/ -->\n<title>Cet espace: Des le\u00e7ons tir\u00e9es du paysage - ArtsPond<\/title>\n<meta name=\"description\" content=\"Le 27 octobre 2020, d\u00e9couvrez comment renforcer l&#039;acc\u00e8s \u00e0 des communaut\u00e9s artistiques abordables pour l&#039;int\u00e9r\u00eat public gr\u00e2ce \u00e0 des le\u00e7ons du Canada, des \u00c9tats-Unis + de l&#039;Europe.\" \/>\n<meta name=\"robots\" content=\"index, follow, max-snippet:-1, max-image-preview:large, max-video-preview:-1\" \/>\n<link rel=\"canonical\" href=\"https:\/\/artspond.com\/fr\/2020\/09\/24\/cet-espace-des-lecons-tirees-du-paysage\/\" \/>\n<meta property=\"og:locale\" content=\"fr_FR\" \/>\n<meta property=\"og:type\" content=\"article\" \/>\n<meta property=\"og:title\" content=\"Cet espace: Des le\u00e7ons tir\u00e9es du paysage - ArtsPond\" \/>\n<meta property=\"og:description\" content=\"Le 27 octobre 2020, d\u00e9couvrez comment renforcer l&#039;acc\u00e8s \u00e0 des communaut\u00e9s artistiques abordables pour l&#039;int\u00e9r\u00eat public gr\u00e2ce \u00e0 des le\u00e7ons du Canada, des \u00c9tats-Unis + de l&#039;Europe.\" \/>\n<meta property=\"og:url\" content=\"https:\/\/artspond.com\/fr\/2020\/09\/24\/cet-espace-des-lecons-tirees-du-paysage\/\" \/>\n<meta property=\"og:site_name\" content=\"ArtsPond\" \/>\n<meta property=\"article:author\" content=\"https:\/\/www.facebook.com\/ArtsPond8\" \/>\n<meta property=\"article:published_time\" content=\"2020-09-24T06:38:36+00:00\" \/>\n<meta property=\"article:modified_time\" content=\"2021-05-17T16:27:20+00:00\" \/>\n<meta property=\"og:image\" content=\"https:\/\/main.artspond.com\/wp-content\/uploads\/2020\/09\/2020-09-21-thisspace-tw.jpg\" \/>\n<meta name=\"author\" content=\"ArtsPond\" \/>\n<meta name=\"twitter:card\" content=\"summary_large_image\" \/>\n<meta name=\"twitter:image\" content=\"https:\/\/main.artspond.com\/wp-content\/uploads\/2020\/09\/2020-09-21-thisspace-tw.jpg\" \/>\n<meta name=\"twitter:creator\" content=\"@artspond8\" \/>\n<meta name=\"twitter:label1\" content=\"\u00c9crit par\" \/>\n\t<meta name=\"twitter:data1\" content=\"ArtsPond\" \/>\n\t<meta name=\"twitter:label2\" content=\"Dur\u00e9e de lecture estim\u00e9e\" \/>\n\t<meta name=\"twitter:data2\" content=\"14 minutes\" \/>\n<script type=\"application\/ld+json\" class=\"yoast-schema-graph\">{\"@context\":\"https:\\\/\\\/schema.org\",\"@graph\":[{\"@type\":\"Article\",\"@id\":\"https:\\\/\\\/artspond.com\\\/fr\\\/2020\\\/09\\\/24\\\/cet-espace-des-lecons-tirees-du-paysage\\\/#article\",\"isPartOf\":{\"@id\":\"https:\\\/\\\/artspond.com\\\/fr\\\/2020\\\/09\\\/24\\\/cet-espace-des-lecons-tirees-du-paysage\\\/\"},\"author\":{\"name\":\"ArtsPond\",\"@id\":\"https:\\\/\\\/artspond.com\\\/fr\\\/#\\\/schema\\\/person\\\/bd83bce66ca5f08a60b95c4cf5f1b96b\"},\"headline\":\"Cet espace: Des le\u00e7ons tir\u00e9es du paysage\",\"datePublished\":\"2020-09-24T06:38:36+00:00\",\"dateModified\":\"2021-05-17T16:27:20+00:00\",\"mainEntityOfPage\":{\"@id\":\"https:\\\/\\\/artspond.com\\\/fr\\\/2020\\\/09\\\/24\\\/cet-espace-des-lecons-tirees-du-paysage\\\/\"},\"wordCount\":2888,\"image\":{\"@id\":\"https:\\\/\\\/artspond.com\\\/fr\\\/2020\\\/09\\\/24\\\/cet-espace-des-lecons-tirees-du-paysage\\\/#primaryimage\"},\"thumbnailUrl\":\"https:\\\/\\\/artspond.com\\\/wp-content\\\/uploads\\\/2020\\\/09\\\/2020-09-21-thisspace-ap.jpg\",\"keywords\":[\"Embourgeoisement\",\"Groundtrust\",\"Histoire de Terrain\",\"Justice spatiale\",\"Land trusts\",\"Social purpose real estate\"],\"articleSection\":[\"Cours\"],\"inLanguage\":\"fr-FR\"},{\"@type\":\"WebPage\",\"@id\":\"https:\\\/\\\/artspond.com\\\/fr\\\/2020\\\/09\\\/24\\\/cet-espace-des-lecons-tirees-du-paysage\\\/\",\"url\":\"https:\\\/\\\/artspond.com\\\/fr\\\/2020\\\/09\\\/24\\\/cet-espace-des-lecons-tirees-du-paysage\\\/\",\"name\":\"Cet espace: Des le\u00e7ons tir\u00e9es du paysage - ArtsPond\",\"isPartOf\":{\"@id\":\"https:\\\/\\\/artspond.com\\\/fr\\\/#website\"},\"primaryImageOfPage\":{\"@id\":\"https:\\\/\\\/artspond.com\\\/fr\\\/2020\\\/09\\\/24\\\/cet-espace-des-lecons-tirees-du-paysage\\\/#primaryimage\"},\"image\":{\"@id\":\"https:\\\/\\\/artspond.com\\\/fr\\\/2020\\\/09\\\/24\\\/cet-espace-des-lecons-tirees-du-paysage\\\/#primaryimage\"},\"thumbnailUrl\":\"https:\\\/\\\/artspond.com\\\/wp-content\\\/uploads\\\/2020\\\/09\\\/2020-09-21-thisspace-ap.jpg\",\"datePublished\":\"2020-09-24T06:38:36+00:00\",\"dateModified\":\"2021-05-17T16:27:20+00:00\",\"author\":{\"@id\":\"https:\\\/\\\/artspond.com\\\/fr\\\/#\\\/schema\\\/person\\\/bd83bce66ca5f08a60b95c4cf5f1b96b\"},\"description\":\"Le 27 octobre 2020, d\u00e9couvrez comment renforcer l'acc\u00e8s \u00e0 des communaut\u00e9s artistiques abordables pour l'int\u00e9r\u00eat public gr\u00e2ce \u00e0 des le\u00e7ons du Canada, des \u00c9tats-Unis + de l'Europe.\",\"breadcrumb\":{\"@id\":\"https:\\\/\\\/artspond.com\\\/fr\\\/2020\\\/09\\\/24\\\/cet-espace-des-lecons-tirees-du-paysage\\\/#breadcrumb\"},\"inLanguage\":\"fr-FR\",\"potentialAction\":[{\"@type\":\"ReadAction\",\"target\":[\"https:\\\/\\\/artspond.com\\\/fr\\\/2020\\\/09\\\/24\\\/cet-espace-des-lecons-tirees-du-paysage\\\/\"]}]},{\"@type\":\"ImageObject\",\"inLanguage\":\"fr-FR\",\"@id\":\"https:\\\/\\\/artspond.com\\\/fr\\\/2020\\\/09\\\/24\\\/cet-espace-des-lecons-tirees-du-paysage\\\/#primaryimage\",\"url\":\"https:\\\/\\\/artspond.com\\\/wp-content\\\/uploads\\\/2020\\\/09\\\/2020-09-21-thisspace-ap.jpg\",\"contentUrl\":\"https:\\\/\\\/artspond.com\\\/wp-content\\\/uploads\\\/2020\\\/09\\\/2020-09-21-thisspace-ap.jpg\",\"width\":900,\"height\":630},{\"@type\":\"BreadcrumbList\",\"@id\":\"https:\\\/\\\/artspond.com\\\/fr\\\/2020\\\/09\\\/24\\\/cet-espace-des-lecons-tirees-du-paysage\\\/#breadcrumb\",\"itemListElement\":[{\"@type\":\"ListItem\",\"position\":1,\"name\":\"Home\",\"item\":\"https:\\\/\\\/artspond.com\\\/fr\\\/\"},{\"@type\":\"ListItem\",\"position\":2,\"name\":\"Cet espace: Des le\u00e7ons tir\u00e9es du paysage\"}]},{\"@type\":\"WebSite\",\"@id\":\"https:\\\/\\\/artspond.com\\\/fr\\\/#website\",\"url\":\"https:\\\/\\\/artspond.com\\\/fr\\\/\",\"name\":\"ArtsPond\",\"description\":\"\",\"potentialAction\":[{\"@type\":\"SearchAction\",\"target\":{\"@type\":\"EntryPoint\",\"urlTemplate\":\"https:\\\/\\\/artspond.com\\\/fr\\\/?s={search_term_string}\"},\"query-input\":{\"@type\":\"PropertyValueSpecification\",\"valueRequired\":true,\"valueName\":\"search_term_string\"}}],\"inLanguage\":\"fr-FR\"},{\"@type\":\"Person\",\"@id\":\"https:\\\/\\\/artspond.com\\\/fr\\\/#\\\/schema\\\/person\\\/bd83bce66ca5f08a60b95c4cf5f1b96b\",\"name\":\"ArtsPond\",\"image\":{\"@type\":\"ImageObject\",\"inLanguage\":\"fr-FR\",\"@id\":\"https:\\\/\\\/secure.gravatar.com\\\/avatar\\\/1bd5f1da097dcc1699d055b1e1d85cb2cdbe176e2ac14bff88f88c1296246b4d?s=96&d=mm&r=g\",\"url\":\"https:\\\/\\\/secure.gravatar.com\\\/avatar\\\/1bd5f1da097dcc1699d055b1e1d85cb2cdbe176e2ac14bff88f88c1296246b4d?s=96&d=mm&r=g\",\"contentUrl\":\"https:\\\/\\\/secure.gravatar.com\\\/avatar\\\/1bd5f1da097dcc1699d055b1e1d85cb2cdbe176e2ac14bff88f88c1296246b4d?s=96&d=mm&r=g\",\"caption\":\"ArtsPond\"},\"sameAs\":[\"https:\\\/\\\/artspond.com\",\"https:\\\/\\\/www.facebook.com\\\/ArtsPond8\",\"https:\\\/\\\/www.instagram.com\\\/ArtsPond8\",\"https:\\\/\\\/www.linkedin.com\\\/company\\\/artspond8\\\/\",\"https:\\\/\\\/x.com\\\/artspond8\"],\"url\":\"https:\\\/\\\/artspond.com\\\/fr\\\/author\\\/artspond\\\/\"}]}<\/script>\n<!-- \/ Yoast SEO plugin. -->","yoast_head_json":{"title":"Cet espace: Des le\u00e7ons tir\u00e9es du paysage - ArtsPond","description":"Le 27 octobre 2020, d\u00e9couvrez comment renforcer l'acc\u00e8s \u00e0 des communaut\u00e9s artistiques abordables pour l'int\u00e9r\u00eat public gr\u00e2ce \u00e0 des le\u00e7ons du Canada, des \u00c9tats-Unis + de l'Europe.","robots":{"index":"index","follow":"follow","max-snippet":"max-snippet:-1","max-image-preview":"max-image-preview:large","max-video-preview":"max-video-preview:-1"},"canonical":"https:\/\/artspond.com\/fr\/2020\/09\/24\/cet-espace-des-lecons-tirees-du-paysage\/","og_locale":"fr_FR","og_type":"article","og_title":"Cet espace: Des le\u00e7ons tir\u00e9es du paysage - ArtsPond","og_description":"Le 27 octobre 2020, d\u00e9couvrez comment renforcer l'acc\u00e8s \u00e0 des communaut\u00e9s artistiques abordables pour l'int\u00e9r\u00eat public gr\u00e2ce \u00e0 des le\u00e7ons du Canada, des \u00c9tats-Unis + de l'Europe.","og_url":"https:\/\/artspond.com\/fr\/2020\/09\/24\/cet-espace-des-lecons-tirees-du-paysage\/","og_site_name":"ArtsPond","article_author":"https:\/\/www.facebook.com\/ArtsPond8","article_published_time":"2020-09-24T06:38:36+00:00","article_modified_time":"2021-05-17T16:27:20+00:00","og_image":[{"url":"https:\/\/main.artspond.com\/wp-content\/uploads\/2020\/09\/2020-09-21-thisspace-tw.jpg","type":"","width":"","height":""}],"author":"ArtsPond","twitter_card":"summary_large_image","twitter_image":"https:\/\/main.artspond.com\/wp-content\/uploads\/2020\/09\/2020-09-21-thisspace-tw.jpg","twitter_creator":"@artspond8","twitter_misc":{"\u00c9crit par":"ArtsPond","Dur\u00e9e de lecture estim\u00e9e":"14 minutes"},"schema":{"@context":"https:\/\/schema.org","@graph":[{"@type":"Article","@id":"https:\/\/artspond.com\/fr\/2020\/09\/24\/cet-espace-des-lecons-tirees-du-paysage\/#article","isPartOf":{"@id":"https:\/\/artspond.com\/fr\/2020\/09\/24\/cet-espace-des-lecons-tirees-du-paysage\/"},"author":{"name":"ArtsPond","@id":"https:\/\/artspond.com\/fr\/#\/schema\/person\/bd83bce66ca5f08a60b95c4cf5f1b96b"},"headline":"Cet espace: Des le\u00e7ons tir\u00e9es du paysage","datePublished":"2020-09-24T06:38:36+00:00","dateModified":"2021-05-17T16:27:20+00:00","mainEntityOfPage":{"@id":"https:\/\/artspond.com\/fr\/2020\/09\/24\/cet-espace-des-lecons-tirees-du-paysage\/"},"wordCount":2888,"image":{"@id":"https:\/\/artspond.com\/fr\/2020\/09\/24\/cet-espace-des-lecons-tirees-du-paysage\/#primaryimage"},"thumbnailUrl":"https:\/\/artspond.com\/wp-content\/uploads\/2020\/09\/2020-09-21-thisspace-ap.jpg","keywords":["Embourgeoisement","Groundtrust","Histoire de Terrain","Justice spatiale","Land trusts","Social purpose real estate"],"articleSection":["Cours"],"inLanguage":"fr-FR"},{"@type":"WebPage","@id":"https:\/\/artspond.com\/fr\/2020\/09\/24\/cet-espace-des-lecons-tirees-du-paysage\/","url":"https:\/\/artspond.com\/fr\/2020\/09\/24\/cet-espace-des-lecons-tirees-du-paysage\/","name":"Cet espace: Des le\u00e7ons tir\u00e9es du paysage - ArtsPond","isPartOf":{"@id":"https:\/\/artspond.com\/fr\/#website"},"primaryImageOfPage":{"@id":"https:\/\/artspond.com\/fr\/2020\/09\/24\/cet-espace-des-lecons-tirees-du-paysage\/#primaryimage"},"image":{"@id":"https:\/\/artspond.com\/fr\/2020\/09\/24\/cet-espace-des-lecons-tirees-du-paysage\/#primaryimage"},"thumbnailUrl":"https:\/\/artspond.com\/wp-content\/uploads\/2020\/09\/2020-09-21-thisspace-ap.jpg","datePublished":"2020-09-24T06:38:36+00:00","dateModified":"2021-05-17T16:27:20+00:00","author":{"@id":"https:\/\/artspond.com\/fr\/#\/schema\/person\/bd83bce66ca5f08a60b95c4cf5f1b96b"},"description":"Le 27 octobre 2020, d\u00e9couvrez comment renforcer l'acc\u00e8s \u00e0 des communaut\u00e9s artistiques abordables pour l'int\u00e9r\u00eat public gr\u00e2ce \u00e0 des le\u00e7ons du Canada, des \u00c9tats-Unis + de l'Europe.","breadcrumb":{"@id":"https:\/\/artspond.com\/fr\/2020\/09\/24\/cet-espace-des-lecons-tirees-du-paysage\/#breadcrumb"},"inLanguage":"fr-FR","potentialAction":[{"@type":"ReadAction","target":["https:\/\/artspond.com\/fr\/2020\/09\/24\/cet-espace-des-lecons-tirees-du-paysage\/"]}]},{"@type":"ImageObject","inLanguage":"fr-FR","@id":"https:\/\/artspond.com\/fr\/2020\/09\/24\/cet-espace-des-lecons-tirees-du-paysage\/#primaryimage","url":"https:\/\/artspond.com\/wp-content\/uploads\/2020\/09\/2020-09-21-thisspace-ap.jpg","contentUrl":"https:\/\/artspond.com\/wp-content\/uploads\/2020\/09\/2020-09-21-thisspace-ap.jpg","width":900,"height":630},{"@type":"BreadcrumbList","@id":"https:\/\/artspond.com\/fr\/2020\/09\/24\/cet-espace-des-lecons-tirees-du-paysage\/#breadcrumb","itemListElement":[{"@type":"ListItem","position":1,"name":"Home","item":"https:\/\/artspond.com\/fr\/"},{"@type":"ListItem","position":2,"name":"Cet espace: Des le\u00e7ons tir\u00e9es du paysage"}]},{"@type":"WebSite","@id":"https:\/\/artspond.com\/fr\/#website","url":"https:\/\/artspond.com\/fr\/","name":"ArtsPond","description":"","potentialAction":[{"@type":"SearchAction","target":{"@type":"EntryPoint","urlTemplate":"https:\/\/artspond.com\/fr\/?s={search_term_string}"},"query-input":{"@type":"PropertyValueSpecification","valueRequired":true,"valueName":"search_term_string"}}],"inLanguage":"fr-FR"},{"@type":"Person","@id":"https:\/\/artspond.com\/fr\/#\/schema\/person\/bd83bce66ca5f08a60b95c4cf5f1b96b","name":"ArtsPond","image":{"@type":"ImageObject","inLanguage":"fr-FR","@id":"https:\/\/secure.gravatar.com\/avatar\/1bd5f1da097dcc1699d055b1e1d85cb2cdbe176e2ac14bff88f88c1296246b4d?s=96&d=mm&r=g","url":"https:\/\/secure.gravatar.com\/avatar\/1bd5f1da097dcc1699d055b1e1d85cb2cdbe176e2ac14bff88f88c1296246b4d?s=96&d=mm&r=g","contentUrl":"https:\/\/secure.gravatar.com\/avatar\/1bd5f1da097dcc1699d055b1e1d85cb2cdbe176e2ac14bff88f88c1296246b4d?s=96&d=mm&r=g","caption":"ArtsPond"},"sameAs":["https:\/\/artspond.com","https:\/\/www.facebook.com\/ArtsPond8","https:\/\/www.instagram.com\/ArtsPond8","https:\/\/www.linkedin.com\/company\/artspond8\/","https:\/\/x.com\/artspond8"],"url":"https:\/\/artspond.com\/fr\/author\/artspond\/"}]}},"_links":{"self":[{"href":"https:\/\/artspond.com\/fr\/wp-json\/wp\/v2\/posts\/8772","targetHints":{"allow":["GET"]}}],"collection":[{"href":"https:\/\/artspond.com\/fr\/wp-json\/wp\/v2\/posts"}],"about":[{"href":"https:\/\/artspond.com\/fr\/wp-json\/wp\/v2\/types\/post"}],"author":[{"embeddable":true,"href":"https:\/\/artspond.com\/fr\/wp-json\/wp\/v2\/users\/1"}],"replies":[{"embeddable":true,"href":"https:\/\/artspond.com\/fr\/wp-json\/wp\/v2\/comments?post=8772"}],"version-history":[{"count":0,"href":"https:\/\/artspond.com\/fr\/wp-json\/wp\/v2\/posts\/8772\/revisions"}],"wp:featuredmedia":[{"embeddable":true,"href":"https:\/\/artspond.com\/fr\/wp-json\/wp\/v2\/media\/8748"}],"wp:attachment":[{"href":"https:\/\/artspond.com\/fr\/wp-json\/wp\/v2\/media?parent=8772"}],"wp:term":[{"taxonomy":"category","embeddable":true,"href":"https:\/\/artspond.com\/fr\/wp-json\/wp\/v2\/categories?post=8772"},{"taxonomy":"post_tag","embeddable":true,"href":"https:\/\/artspond.com\/fr\/wp-json\/wp\/v2\/tags?post=8772"}],"curies":[{"name":"wp","href":"https:\/\/api.w.org\/{rel}","templated":true}]}}