{"id":7871,"date":"2019-11-20T13:37:58","date_gmt":"2019-11-20T18:37:58","guid":{"rendered":"https:\/\/artspond.com\/2020\/06\/26\/assemblee-generale-annuelle-de-2019\/"},"modified":"2021-05-19T15:47:08","modified_gmt":"2021-05-19T19:47:08","slug":"assemblee-generale-annuelle-de-2019","status":"publish","type":"post","link":"https:\/\/artspond.com\/fr\/2019\/11\/20\/assemblee-generale-annuelle-de-2019\/","title":{"rendered":"Assembl\u00e9e g\u00e9n\u00e9rale annuelle de 2019"},"content":{"rendered":"\n<p>\u00c9tang d&rsquo;Arts est heureux d&rsquo;annoncer que son assembl\u00e9e g\u00e9n\u00e9rale annuelle de 2019 aura lieu le samedi 7 d\u00e9cembre 2019 de 13 \u00e0 14 heures (inscription de 12h40 \u00e0 13 heures) pr\u00e8s de Dundas et Carlaw \u00e0 Toronto. Tous sont invit\u00e9s \u00e0 y assister. Pour en savoir plus sur la croissance exponentielle d&rsquo;\u00c9tang d&rsquo;Arts et sur les plans pour la saison de notre cinqui\u00e8me anniversaire en 2019-20. Il y a aussi des postes \u00e0 pourvoir pour les nouveaux membres du conseil d&rsquo;administration&#8230; surtout des femmes ! Boissons et collations fournies. Vous ne pouvez pas venir en personne ? La participation en ligne est prise en charge. Envoyez un courriel \u00e0 hello@artspond.com pour vous inscrire et recevoir les d\u00e9tails complets sur les lieux. Consultez <strong><a href=\"https:\/\/artspond.com\/rapport-annuel-2019\/?lang=fr\">le rapport annuel 2019<\/a><\/strong> ou t\u00e9l\u00e9chargez la <strong><a href=\"https:\/\/artspond.com\/wp-content\/uploads\/2019\/12\/2019-AGM-Circular-Public.pdf\">circulaire publique de l&rsquo;AGA 2019 ici.<\/a><\/strong><\/p>\n","protected":false},"excerpt":{"rendered":"<p>L&rsquo;assembl\u00e9e g\u00e9n\u00e9rale annuelle d&rsquo;\u00c9tang d&rsquo;Arts 2019 aura lieu le samedi 7 d\u00e9cembre 2019 \u00e0 13 heures pr\u00e8s de Dundas et Carlaw \u00e0 Toronto. Tous sont invit\u00e9s \u00e0 y assister.<\/p>\n","protected":false},"author":1,"featured_media":6604,"comment_status":"closed","ping_status":"closed","sticky":false,"template":"","format":"standard","meta":{"footnotes":""},"categories":[89],"tags":[259],"class_list":["post-7871","post","type-post","status-publish","format-standard","has-post-thumbnail","hentry","category-news-fr","tag-agm-fr"],"yoast_head":"<!-- This site is optimized with the Yoast SEO plugin v27.5 - https:\/\/yoast.com\/product\/yoast-seo-wordpress\/ -->\n<title>Assembl\u00e9e g\u00e9n\u00e9rale annuelle de 2019 - ArtsPond<\/title>\n<meta name=\"description\" content=\"L&#039;assembl\u00e9e g\u00e9n\u00e9rale annuelle d&#039;\u00c9tang d&#039;Arts 2019 aura lieu le samedi 7 d\u00e9cembre 2019 \u00e0 13 heures pr\u00e8s de Dundas et Carlaw \u00e0 Toronto. Tous sont invit\u00e9s \u00e0 y assister.\" \/>\n<meta name=\"robots\" content=\"index, follow, max-snippet:-1, max-image-preview:large, max-video-preview:-1\" \/>\n<link rel=\"canonical\" href=\"https:\/\/artspond.com\/fr\/2019\/11\/20\/assemblee-generale-annuelle-de-2019\/\" \/>\n<meta property=\"og:locale\" content=\"fr_FR\" \/>\n<meta property=\"og:type\" content=\"article\" \/>\n<meta property=\"og:title\" content=\"Assembl\u00e9 g\u00e9n\u00e9rale annuelle de 2019\" \/>\n<meta property=\"og:description\" content=\"L&#039;assembl\u00e9e g\u00e9n\u00e9rale annuelle d&#039;\u00c9tang d&#039;Arts 2019 aura lieu le samedi 7 d\u00e9cembre 2019 \u00e0 13 heures pr\u00e8s de Dundas et Carlaw \u00e0 Toronto. Tous sont invit\u00e9s \u00e0 y assister.\" \/>\n<meta property=\"og:url\" content=\"https:\/\/artspond.com\/fr\/2019\/11\/20\/assemblee-generale-annuelle-de-2019\/\" \/>\n<meta property=\"og:site_name\" content=\"ArtsPond\" \/>\n<meta property=\"article:author\" content=\"https:\/\/www.facebook.com\/ArtsPond8\" \/>\n<meta property=\"article:published_time\" content=\"2019-11-20T18:37:58+00:00\" \/>\n<meta property=\"article:modified_time\" content=\"2021-05-19T19:47:08+00:00\" \/>\n<meta property=\"og:image\" content=\"https:\/\/main.artspond.com\/wp-content\/uploads\/2019\/11\/2019-11-20-AGM_fb.jpg\" \/>\n<meta name=\"author\" content=\"ArtsPond\" \/>\n<meta name=\"twitter:card\" content=\"summary_large_image\" \/>\n<meta name=\"twitter:title\" content=\"Assembl\u00e9 g\u00e9n\u00e9rale annuelle de 2019\" \/>\n<meta name=\"twitter:description\" content=\"L&#039;assembl\u00e9e g\u00e9n\u00e9rale annuelle d&#039;\u00c9tang d&#039;Arts 2019 aura lieu le samedi 7 d\u00e9cembre 2019 \u00e0 13 heures pr\u00e8s de Dundas et Carlaw \u00e0 Toronto. Tous sont invit\u00e9s \u00e0 y assister.\" \/>\n<meta name=\"twitter:image\" content=\"https:\/\/main.artspond.com\/wp-content\/uploads\/2019\/11\/2019-11-20-AGM_tw.jpg\" \/>\n<meta name=\"twitter:creator\" content=\"@artspond8\" \/>\n<meta name=\"twitter:label1\" content=\"\u00c9crit par\" \/>\n\t<meta name=\"twitter:data1\" content=\"ArtsPond\" \/>\n\t<meta name=\"twitter:label2\" content=\"Dur\u00e9e de lecture estim\u00e9e\" \/>\n\t<meta name=\"twitter:data2\" content=\"1 minute\" \/>\n<script type=\"application\/ld+json\" class=\"yoast-schema-graph\">{\"@context\":\"https:\\\/\\\/schema.org\",\"@graph\":[{\"@type\":\"Article\",\"@id\":\"https:\\\/\\\/artspond.com\\\/fr\\\/2019\\\/11\\\/20\\\/assemblee-generale-annuelle-de-2019\\\/#article\",\"isPartOf\":{\"@id\":\"https:\\\/\\\/artspond.com\\\/fr\\\/2019\\\/11\\\/20\\\/assemblee-generale-annuelle-de-2019\\\/\"},\"author\":{\"name\":\"ArtsPond\",\"@id\":\"https:\\\/\\\/artspond.com\\\/fr\\\/#\\\/schema\\\/person\\\/bd83bce66ca5f08a60b95c4cf5f1b96b\"},\"headline\":\"Assembl\u00e9e g\u00e9n\u00e9rale annuelle de 2019\",\"datePublished\":\"2019-11-20T18:37:58+00:00\",\"dateModified\":\"2021-05-19T19:47:08+00:00\",\"mainEntityOfPage\":{\"@id\":\"https:\\\/\\\/artspond.com\\\/fr\\\/2019\\\/11\\\/20\\\/assemblee-generale-annuelle-de-2019\\\/\"},\"wordCount\":144,\"image\":{\"@id\":\"https:\\\/\\\/artspond.com\\\/fr\\\/2019\\\/11\\\/20\\\/assemblee-generale-annuelle-de-2019\\\/#primaryimage\"},\"thumbnailUrl\":\"https:\\\/\\\/artspond.com\\\/wp-content\\\/uploads\\\/2019\\\/11\\\/2019-11-20-AGM_ap-1.jpg\",\"keywords\":[\"AGM\"],\"articleSection\":[\"News\"],\"inLanguage\":\"fr-FR\"},{\"@type\":\"WebPage\",\"@id\":\"https:\\\/\\\/artspond.com\\\/fr\\\/2019\\\/11\\\/20\\\/assemblee-generale-annuelle-de-2019\\\/\",\"url\":\"https:\\\/\\\/artspond.com\\\/fr\\\/2019\\\/11\\\/20\\\/assemblee-generale-annuelle-de-2019\\\/\",\"name\":\"Assembl\u00e9e g\u00e9n\u00e9rale annuelle de 2019 - ArtsPond\",\"isPartOf\":{\"@id\":\"https:\\\/\\\/artspond.com\\\/fr\\\/#website\"},\"primaryImageOfPage\":{\"@id\":\"https:\\\/\\\/artspond.com\\\/fr\\\/2019\\\/11\\\/20\\\/assemblee-generale-annuelle-de-2019\\\/#primaryimage\"},\"image\":{\"@id\":\"https:\\\/\\\/artspond.com\\\/fr\\\/2019\\\/11\\\/20\\\/assemblee-generale-annuelle-de-2019\\\/#primaryimage\"},\"thumbnailUrl\":\"https:\\\/\\\/artspond.com\\\/wp-content\\\/uploads\\\/2019\\\/11\\\/2019-11-20-AGM_ap-1.jpg\",\"datePublished\":\"2019-11-20T18:37:58+00:00\",\"dateModified\":\"2021-05-19T19:47:08+00:00\",\"author\":{\"@id\":\"https:\\\/\\\/artspond.com\\\/fr\\\/#\\\/schema\\\/person\\\/bd83bce66ca5f08a60b95c4cf5f1b96b\"},\"description\":\"L'assembl\u00e9e g\u00e9n\u00e9rale annuelle d'\u00c9tang d'Arts 2019 aura lieu le samedi 7 d\u00e9cembre 2019 \u00e0 13 heures pr\u00e8s de Dundas et Carlaw \u00e0 Toronto. Tous sont invit\u00e9s \u00e0 y assister.\",\"breadcrumb\":{\"@id\":\"https:\\\/\\\/artspond.com\\\/fr\\\/2019\\\/11\\\/20\\\/assemblee-generale-annuelle-de-2019\\\/#breadcrumb\"},\"inLanguage\":\"fr-FR\",\"potentialAction\":[{\"@type\":\"ReadAction\",\"target\":[\"https:\\\/\\\/artspond.com\\\/fr\\\/2019\\\/11\\\/20\\\/assemblee-generale-annuelle-de-2019\\\/\"]}]},{\"@type\":\"ImageObject\",\"inLanguage\":\"fr-FR\",\"@id\":\"https:\\\/\\\/artspond.com\\\/fr\\\/2019\\\/11\\\/20\\\/assemblee-generale-annuelle-de-2019\\\/#primaryimage\",\"url\":\"https:\\\/\\\/artspond.com\\\/wp-content\\\/uploads\\\/2019\\\/11\\\/2019-11-20-AGM_ap-1.jpg\",\"contentUrl\":\"https:\\\/\\\/artspond.com\\\/wp-content\\\/uploads\\\/2019\\\/11\\\/2019-11-20-AGM_ap-1.jpg\",\"width\":900,\"height\":600},{\"@type\":\"BreadcrumbList\",\"@id\":\"https:\\\/\\\/artspond.com\\\/fr\\\/2019\\\/11\\\/20\\\/assemblee-generale-annuelle-de-2019\\\/#breadcrumb\",\"itemListElement\":[{\"@type\":\"ListItem\",\"position\":1,\"name\":\"Home\",\"item\":\"https:\\\/\\\/artspond.com\\\/fr\\\/\"},{\"@type\":\"ListItem\",\"position\":2,\"name\":\"Assembl\u00e9e g\u00e9n\u00e9rale annuelle de 2019\"}]},{\"@type\":\"WebSite\",\"@id\":\"https:\\\/\\\/artspond.com\\\/fr\\\/#website\",\"url\":\"https:\\\/\\\/artspond.com\\\/fr\\\/\",\"name\":\"ArtsPond\",\"description\":\"\",\"potentialAction\":[{\"@type\":\"SearchAction\",\"target\":{\"@type\":\"EntryPoint\",\"urlTemplate\":\"https:\\\/\\\/artspond.com\\\/fr\\\/?s={search_term_string}\"},\"query-input\":{\"@type\":\"PropertyValueSpecification\",\"valueRequired\":true,\"valueName\":\"search_term_string\"}}],\"inLanguage\":\"fr-FR\"},{\"@type\":\"Person\",\"@id\":\"https:\\\/\\\/artspond.com\\\/fr\\\/#\\\/schema\\\/person\\\/bd83bce66ca5f08a60b95c4cf5f1b96b\",\"name\":\"ArtsPond\",\"image\":{\"@type\":\"ImageObject\",\"inLanguage\":\"fr-FR\",\"@id\":\"https:\\\/\\\/secure.gravatar.com\\\/avatar\\\/1bd5f1da097dcc1699d055b1e1d85cb2cdbe176e2ac14bff88f88c1296246b4d?s=96&d=mm&r=g\",\"url\":\"https:\\\/\\\/secure.gravatar.com\\\/avatar\\\/1bd5f1da097dcc1699d055b1e1d85cb2cdbe176e2ac14bff88f88c1296246b4d?s=96&d=mm&r=g\",\"contentUrl\":\"https:\\\/\\\/secure.gravatar.com\\\/avatar\\\/1bd5f1da097dcc1699d055b1e1d85cb2cdbe176e2ac14bff88f88c1296246b4d?s=96&d=mm&r=g\",\"caption\":\"ArtsPond\"},\"sameAs\":[\"https:\\\/\\\/artspond.com\",\"https:\\\/\\\/www.facebook.com\\\/ArtsPond8\",\"https:\\\/\\\/www.instagram.com\\\/ArtsPond8\",\"https:\\\/\\\/www.linkedin.com\\\/company\\\/artspond8\\\/\",\"https:\\\/\\\/x.com\\\/artspond8\"],\"url\":\"https:\\\/\\\/artspond.com\\\/fr\\\/author\\\/artspond\\\/\"}]}<\/script>\n<!-- \/ Yoast SEO plugin. -->","yoast_head_json":{"title":"Assembl\u00e9e g\u00e9n\u00e9rale annuelle de 2019 - ArtsPond","description":"L'assembl\u00e9e g\u00e9n\u00e9rale annuelle d'\u00c9tang d'Arts 2019 aura lieu le samedi 7 d\u00e9cembre 2019 \u00e0 13 heures pr\u00e8s de Dundas et Carlaw \u00e0 Toronto. Tous sont invit\u00e9s \u00e0 y assister.","robots":{"index":"index","follow":"follow","max-snippet":"max-snippet:-1","max-image-preview":"max-image-preview:large","max-video-preview":"max-video-preview:-1"},"canonical":"https:\/\/artspond.com\/fr\/2019\/11\/20\/assemblee-generale-annuelle-de-2019\/","og_locale":"fr_FR","og_type":"article","og_title":"Assembl\u00e9 g\u00e9n\u00e9rale annuelle de 2019","og_description":"L'assembl\u00e9e g\u00e9n\u00e9rale annuelle d'\u00c9tang d'Arts 2019 aura lieu le samedi 7 d\u00e9cembre 2019 \u00e0 13 heures pr\u00e8s de Dundas et Carlaw \u00e0 Toronto. Tous sont invit\u00e9s \u00e0 y assister.","og_url":"https:\/\/artspond.com\/fr\/2019\/11\/20\/assemblee-generale-annuelle-de-2019\/","og_site_name":"ArtsPond","article_author":"https:\/\/www.facebook.com\/ArtsPond8","article_published_time":"2019-11-20T18:37:58+00:00","article_modified_time":"2021-05-19T19:47:08+00:00","og_image":[{"url":"https:\/\/main.artspond.com\/wp-content\/uploads\/2019\/11\/2019-11-20-AGM_fb.jpg","type":"","width":"","height":""}],"author":"ArtsPond","twitter_card":"summary_large_image","twitter_title":"Assembl\u00e9 g\u00e9n\u00e9rale annuelle de 2019","twitter_description":"L'assembl\u00e9e g\u00e9n\u00e9rale annuelle d'\u00c9tang d'Arts 2019 aura lieu le samedi 7 d\u00e9cembre 2019 \u00e0 13 heures pr\u00e8s de Dundas et Carlaw \u00e0 Toronto. Tous sont invit\u00e9s \u00e0 y assister.","twitter_image":"https:\/\/main.artspond.com\/wp-content\/uploads\/2019\/11\/2019-11-20-AGM_tw.jpg","twitter_creator":"@artspond8","twitter_misc":{"\u00c9crit par":"ArtsPond","Dur\u00e9e de lecture estim\u00e9e":"1 minute"},"schema":{"@context":"https:\/\/schema.org","@graph":[{"@type":"Article","@id":"https:\/\/artspond.com\/fr\/2019\/11\/20\/assemblee-generale-annuelle-de-2019\/#article","isPartOf":{"@id":"https:\/\/artspond.com\/fr\/2019\/11\/20\/assemblee-generale-annuelle-de-2019\/"},"author":{"name":"ArtsPond","@id":"https:\/\/artspond.com\/fr\/#\/schema\/person\/bd83bce66ca5f08a60b95c4cf5f1b96b"},"headline":"Assembl\u00e9e g\u00e9n\u00e9rale annuelle de 2019","datePublished":"2019-11-20T18:37:58+00:00","dateModified":"2021-05-19T19:47:08+00:00","mainEntityOfPage":{"@id":"https:\/\/artspond.com\/fr\/2019\/11\/20\/assemblee-generale-annuelle-de-2019\/"},"wordCount":144,"image":{"@id":"https:\/\/artspond.com\/fr\/2019\/11\/20\/assemblee-generale-annuelle-de-2019\/#primaryimage"},"thumbnailUrl":"https:\/\/artspond.com\/wp-content\/uploads\/2019\/11\/2019-11-20-AGM_ap-1.jpg","keywords":["AGM"],"articleSection":["News"],"inLanguage":"fr-FR"},{"@type":"WebPage","@id":"https:\/\/artspond.com\/fr\/2019\/11\/20\/assemblee-generale-annuelle-de-2019\/","url":"https:\/\/artspond.com\/fr\/2019\/11\/20\/assemblee-generale-annuelle-de-2019\/","name":"Assembl\u00e9e g\u00e9n\u00e9rale annuelle de 2019 - ArtsPond","isPartOf":{"@id":"https:\/\/artspond.com\/fr\/#website"},"primaryImageOfPage":{"@id":"https:\/\/artspond.com\/fr\/2019\/11\/20\/assemblee-generale-annuelle-de-2019\/#primaryimage"},"image":{"@id":"https:\/\/artspond.com\/fr\/2019\/11\/20\/assemblee-generale-annuelle-de-2019\/#primaryimage"},"thumbnailUrl":"https:\/\/artspond.com\/wp-content\/uploads\/2019\/11\/2019-11-20-AGM_ap-1.jpg","datePublished":"2019-11-20T18:37:58+00:00","dateModified":"2021-05-19T19:47:08+00:00","author":{"@id":"https:\/\/artspond.com\/fr\/#\/schema\/person\/bd83bce66ca5f08a60b95c4cf5f1b96b"},"description":"L'assembl\u00e9e g\u00e9n\u00e9rale annuelle d'\u00c9tang d'Arts 2019 aura lieu le samedi 7 d\u00e9cembre 2019 \u00e0 13 heures pr\u00e8s de Dundas et Carlaw \u00e0 Toronto. Tous sont invit\u00e9s \u00e0 y assister.","breadcrumb":{"@id":"https:\/\/artspond.com\/fr\/2019\/11\/20\/assemblee-generale-annuelle-de-2019\/#breadcrumb"},"inLanguage":"fr-FR","potentialAction":[{"@type":"ReadAction","target":["https:\/\/artspond.com\/fr\/2019\/11\/20\/assemblee-generale-annuelle-de-2019\/"]}]},{"@type":"ImageObject","inLanguage":"fr-FR","@id":"https:\/\/artspond.com\/fr\/2019\/11\/20\/assemblee-generale-annuelle-de-2019\/#primaryimage","url":"https:\/\/artspond.com\/wp-content\/uploads\/2019\/11\/2019-11-20-AGM_ap-1.jpg","contentUrl":"https:\/\/artspond.com\/wp-content\/uploads\/2019\/11\/2019-11-20-AGM_ap-1.jpg","width":900,"height":600},{"@type":"BreadcrumbList","@id":"https:\/\/artspond.com\/fr\/2019\/11\/20\/assemblee-generale-annuelle-de-2019\/#breadcrumb","itemListElement":[{"@type":"ListItem","position":1,"name":"Home","item":"https:\/\/artspond.com\/fr\/"},{"@type":"ListItem","position":2,"name":"Assembl\u00e9e g\u00e9n\u00e9rale annuelle de 2019"}]},{"@type":"WebSite","@id":"https:\/\/artspond.com\/fr\/#website","url":"https:\/\/artspond.com\/fr\/","name":"ArtsPond","description":"","potentialAction":[{"@type":"SearchAction","target":{"@type":"EntryPoint","urlTemplate":"https:\/\/artspond.com\/fr\/?s={search_term_string}"},"query-input":{"@type":"PropertyValueSpecification","valueRequired":true,"valueName":"search_term_string"}}],"inLanguage":"fr-FR"},{"@type":"Person","@id":"https:\/\/artspond.com\/fr\/#\/schema\/person\/bd83bce66ca5f08a60b95c4cf5f1b96b","name":"ArtsPond","image":{"@type":"ImageObject","inLanguage":"fr-FR","@id":"https:\/\/secure.gravatar.com\/avatar\/1bd5f1da097dcc1699d055b1e1d85cb2cdbe176e2ac14bff88f88c1296246b4d?s=96&d=mm&r=g","url":"https:\/\/secure.gravatar.com\/avatar\/1bd5f1da097dcc1699d055b1e1d85cb2cdbe176e2ac14bff88f88c1296246b4d?s=96&d=mm&r=g","contentUrl":"https:\/\/secure.gravatar.com\/avatar\/1bd5f1da097dcc1699d055b1e1d85cb2cdbe176e2ac14bff88f88c1296246b4d?s=96&d=mm&r=g","caption":"ArtsPond"},"sameAs":["https:\/\/artspond.com","https:\/\/www.facebook.com\/ArtsPond8","https:\/\/www.instagram.com\/ArtsPond8","https:\/\/www.linkedin.com\/company\/artspond8\/","https:\/\/x.com\/artspond8"],"url":"https:\/\/artspond.com\/fr\/author\/artspond\/"}]}},"_links":{"self":[{"href":"https:\/\/artspond.com\/fr\/wp-json\/wp\/v2\/posts\/7871","targetHints":{"allow":["GET"]}}],"collection":[{"href":"https:\/\/artspond.com\/fr\/wp-json\/wp\/v2\/posts"}],"about":[{"href":"https:\/\/artspond.com\/fr\/wp-json\/wp\/v2\/types\/post"}],"author":[{"embeddable":true,"href":"https:\/\/artspond.com\/fr\/wp-json\/wp\/v2\/users\/1"}],"replies":[{"embeddable":true,"href":"https:\/\/artspond.com\/fr\/wp-json\/wp\/v2\/comments?post=7871"}],"version-history":[{"count":0,"href":"https:\/\/artspond.com\/fr\/wp-json\/wp\/v2\/posts\/7871\/revisions"}],"wp:featuredmedia":[{"embeddable":true,"href":"https:\/\/artspond.com\/fr\/wp-json\/wp\/v2\/media\/6604"}],"wp:attachment":[{"href":"https:\/\/artspond.com\/fr\/wp-json\/wp\/v2\/media?parent=7871"}],"wp:term":[{"taxonomy":"category","embeddable":true,"href":"https:\/\/artspond.com\/fr\/wp-json\/wp\/v2\/categories?post=7871"},{"taxonomy":"post_tag","embeddable":true,"href":"https:\/\/artspond.com\/fr\/wp-json\/wp\/v2\/tags?post=7871"}],"curies":[{"name":"wp","href":"https:\/\/api.w.org\/{rel}","templated":true}]}}