{"id":7860,"date":"2020-01-07T20:02:33","date_gmt":"2020-01-08T01:02:33","guid":{"rendered":"https:\/\/artspond.com\/2020\/06\/26\/des-conversations-dans-la-bulle-immobilier-a-but-social\/"},"modified":"2021-05-19T15:31:42","modified_gmt":"2021-05-19T19:31:42","slug":"des-conversations-dans-la-bulle-immobilier-a-but-social","status":"publish","type":"post","link":"https:\/\/artspond.com\/fr\/2020\/01\/07\/des-conversations-dans-la-bulle-immobilier-a-but-social\/","title":{"rendered":"Des conversations dans la bulle : Immobilier \u00e0 but social"},"content":{"rendered":"\n<p>Le <strong>14 janvier 2020, l&rsquo;Urban Land Institute Toronto<\/strong> et <strong>Akin<\/strong> sont fiers de mener<strong><a href=\"https:\/\/toronto.uli.org\/events\/detail\/010217E9-B03A-4289-A441-4CB87A1AA2FE\/\"> Squeezed out ? Squeezed in ?<\/a> <\/strong>&#8211; une conversation dans une bulle sur l&rsquo;immobilier \u00e0 vocation sociale avec un groupe \u00e9clectique de plus de 16 city builders et leaders culturels, dont <strong>Jessa Agilo<\/strong> d&rsquo;\u00c9tang d&rsquo;Arts. Anim\u00e9e par Jane Farrow (Department of Words and Deeds) du MOCA Toronto, la s\u00e9ance explore la mani\u00e8re dont les promoteurs, les organisations \u00e0 but non lucratif et les groupes communautaires peuvent collaborer pour r\u00e9pondre aux besoins d&rsquo;espacement et assurer le bien social.<\/p>\n","protected":false},"excerpt":{"rendered":"<p>Participez \u00e0 une conversation sur l&rsquo;immobilier \u00e0 vocation sociale organis\u00e9e par l&rsquo;Urban Land Institute de Toronto et Akin le 14 janvier 2020.<\/p>\n","protected":false},"author":1,"featured_media":6828,"comment_status":"closed","ping_status":"closed","sticky":false,"template":"","format":"standard","meta":{"footnotes":""},"categories":[166,89],"tags":[92,257],"class_list":["post-7860","post","type-post","status-publish","format-standard","has-post-thumbnail","hentry","category-communaute","category-news-fr","tag-histoire-de-terrain","tag-social-purpose-real-estate-fr"],"yoast_head":"<!-- This site is optimized with the Yoast SEO plugin v27.5 - https:\/\/yoast.com\/product\/yoast-seo-wordpress\/ -->\n<title>Des conversations dans la bulle : Immobilier \u00e0 but social - ArtsPond<\/title>\n<meta name=\"description\" content=\"Participez \u00e0 une conversation sur l&#039;immobilier \u00e0 vocation sociale organis\u00e9e par l&#039;Urban Land Institute de Toronto et Akin le 14 janvier 2020.\" \/>\n<meta name=\"robots\" content=\"index, follow, max-snippet:-1, max-image-preview:large, max-video-preview:-1\" \/>\n<link rel=\"canonical\" href=\"https:\/\/artspond.com\/fr\/2020\/01\/07\/des-conversations-dans-la-bulle-immobilier-a-but-social\/\" \/>\n<meta property=\"og:locale\" content=\"fr_FR\" \/>\n<meta property=\"og:type\" content=\"article\" \/>\n<meta property=\"og:title\" content=\"Des conversations dans la bulle : Immobilier \u00e0 but social - ArtsPond\" \/>\n<meta property=\"og:description\" content=\"Participez \u00e0 une conversation sur l&#039;immobilier \u00e0 vocation sociale organis\u00e9e par l&#039;Urban Land Institute de Toronto et Akin le 14 janvier 2020.\" \/>\n<meta property=\"og:url\" content=\"https:\/\/artspond.com\/fr\/2020\/01\/07\/des-conversations-dans-la-bulle-immobilier-a-but-social\/\" \/>\n<meta property=\"og:site_name\" content=\"ArtsPond\" \/>\n<meta property=\"article:author\" content=\"https:\/\/www.facebook.com\/ArtsPond8\" \/>\n<meta property=\"article:published_time\" content=\"2020-01-08T01:02:33+00:00\" \/>\n<meta property=\"article:modified_time\" content=\"2021-05-19T19:31:42+00:00\" \/>\n<meta property=\"og:image\" content=\"https:\/\/artspond.com\/wp-content\/uploads\/2020\/01\/2020-01-06-ULI-ap.png\" \/>\n\t<meta property=\"og:image:width\" content=\"900\" \/>\n\t<meta property=\"og:image:height\" content=\"600\" \/>\n\t<meta property=\"og:image:type\" content=\"image\/png\" \/>\n<meta name=\"author\" content=\"ArtsPond\" \/>\n<meta name=\"twitter:card\" content=\"summary_large_image\" \/>\n<meta name=\"twitter:creator\" content=\"@artspond8\" \/>\n<meta name=\"twitter:label1\" content=\"\u00c9crit par\" \/>\n\t<meta name=\"twitter:data1\" content=\"ArtsPond\" \/>\n<script type=\"application\/ld+json\" class=\"yoast-schema-graph\">{\"@context\":\"https:\\\/\\\/schema.org\",\"@graph\":[{\"@type\":\"Article\",\"@id\":\"https:\\\/\\\/artspond.com\\\/fr\\\/2020\\\/01\\\/07\\\/des-conversations-dans-la-bulle-immobilier-a-but-social\\\/#article\",\"isPartOf\":{\"@id\":\"https:\\\/\\\/artspond.com\\\/fr\\\/2020\\\/01\\\/07\\\/des-conversations-dans-la-bulle-immobilier-a-but-social\\\/\"},\"author\":{\"name\":\"ArtsPond\",\"@id\":\"https:\\\/\\\/artspond.com\\\/fr\\\/#\\\/schema\\\/person\\\/bd83bce66ca5f08a60b95c4cf5f1b96b\"},\"headline\":\"Des conversations dans la bulle : Immobilier \u00e0 but social\",\"datePublished\":\"2020-01-08T01:02:33+00:00\",\"dateModified\":\"2021-05-19T19:31:42+00:00\",\"mainEntityOfPage\":{\"@id\":\"https:\\\/\\\/artspond.com\\\/fr\\\/2020\\\/01\\\/07\\\/des-conversations-dans-la-bulle-immobilier-a-but-social\\\/\"},\"wordCount\":101,\"image\":{\"@id\":\"https:\\\/\\\/artspond.com\\\/fr\\\/2020\\\/01\\\/07\\\/des-conversations-dans-la-bulle-immobilier-a-but-social\\\/#primaryimage\"},\"thumbnailUrl\":\"https:\\\/\\\/artspond.com\\\/wp-content\\\/uploads\\\/2020\\\/01\\\/2020-01-06-ULI-ap.png\",\"keywords\":[\"Histoire de Terrain\",\"Social purpose real estate\"],\"articleSection\":[\"Communaut\u00e9\",\"News\"],\"inLanguage\":\"fr-FR\"},{\"@type\":\"WebPage\",\"@id\":\"https:\\\/\\\/artspond.com\\\/fr\\\/2020\\\/01\\\/07\\\/des-conversations-dans-la-bulle-immobilier-a-but-social\\\/\",\"url\":\"https:\\\/\\\/artspond.com\\\/fr\\\/2020\\\/01\\\/07\\\/des-conversations-dans-la-bulle-immobilier-a-but-social\\\/\",\"name\":\"Des conversations dans la bulle : Immobilier \u00e0 but social - ArtsPond\",\"isPartOf\":{\"@id\":\"https:\\\/\\\/artspond.com\\\/fr\\\/#website\"},\"primaryImageOfPage\":{\"@id\":\"https:\\\/\\\/artspond.com\\\/fr\\\/2020\\\/01\\\/07\\\/des-conversations-dans-la-bulle-immobilier-a-but-social\\\/#primaryimage\"},\"image\":{\"@id\":\"https:\\\/\\\/artspond.com\\\/fr\\\/2020\\\/01\\\/07\\\/des-conversations-dans-la-bulle-immobilier-a-but-social\\\/#primaryimage\"},\"thumbnailUrl\":\"https:\\\/\\\/artspond.com\\\/wp-content\\\/uploads\\\/2020\\\/01\\\/2020-01-06-ULI-ap.png\",\"datePublished\":\"2020-01-08T01:02:33+00:00\",\"dateModified\":\"2021-05-19T19:31:42+00:00\",\"author\":{\"@id\":\"https:\\\/\\\/artspond.com\\\/fr\\\/#\\\/schema\\\/person\\\/bd83bce66ca5f08a60b95c4cf5f1b96b\"},\"description\":\"Participez \u00e0 une conversation sur l'immobilier \u00e0 vocation sociale organis\u00e9e par l'Urban Land Institute de Toronto et Akin le 14 janvier 2020.\",\"breadcrumb\":{\"@id\":\"https:\\\/\\\/artspond.com\\\/fr\\\/2020\\\/01\\\/07\\\/des-conversations-dans-la-bulle-immobilier-a-but-social\\\/#breadcrumb\"},\"inLanguage\":\"fr-FR\",\"potentialAction\":[{\"@type\":\"ReadAction\",\"target\":[\"https:\\\/\\\/artspond.com\\\/fr\\\/2020\\\/01\\\/07\\\/des-conversations-dans-la-bulle-immobilier-a-but-social\\\/\"]}]},{\"@type\":\"ImageObject\",\"inLanguage\":\"fr-FR\",\"@id\":\"https:\\\/\\\/artspond.com\\\/fr\\\/2020\\\/01\\\/07\\\/des-conversations-dans-la-bulle-immobilier-a-but-social\\\/#primaryimage\",\"url\":\"https:\\\/\\\/artspond.com\\\/wp-content\\\/uploads\\\/2020\\\/01\\\/2020-01-06-ULI-ap.png\",\"contentUrl\":\"https:\\\/\\\/artspond.com\\\/wp-content\\\/uploads\\\/2020\\\/01\\\/2020-01-06-ULI-ap.png\",\"width\":900,\"height\":600},{\"@type\":\"BreadcrumbList\",\"@id\":\"https:\\\/\\\/artspond.com\\\/fr\\\/2020\\\/01\\\/07\\\/des-conversations-dans-la-bulle-immobilier-a-but-social\\\/#breadcrumb\",\"itemListElement\":[{\"@type\":\"ListItem\",\"position\":1,\"name\":\"Home\",\"item\":\"https:\\\/\\\/artspond.com\\\/fr\\\/\"},{\"@type\":\"ListItem\",\"position\":2,\"name\":\"Des conversations dans la bulle : Immobilier \u00e0 but social\"}]},{\"@type\":\"WebSite\",\"@id\":\"https:\\\/\\\/artspond.com\\\/fr\\\/#website\",\"url\":\"https:\\\/\\\/artspond.com\\\/fr\\\/\",\"name\":\"ArtsPond\",\"description\":\"\",\"potentialAction\":[{\"@type\":\"SearchAction\",\"target\":{\"@type\":\"EntryPoint\",\"urlTemplate\":\"https:\\\/\\\/artspond.com\\\/fr\\\/?s={search_term_string}\"},\"query-input\":{\"@type\":\"PropertyValueSpecification\",\"valueRequired\":true,\"valueName\":\"search_term_string\"}}],\"inLanguage\":\"fr-FR\"},{\"@type\":\"Person\",\"@id\":\"https:\\\/\\\/artspond.com\\\/fr\\\/#\\\/schema\\\/person\\\/bd83bce66ca5f08a60b95c4cf5f1b96b\",\"name\":\"ArtsPond\",\"image\":{\"@type\":\"ImageObject\",\"inLanguage\":\"fr-FR\",\"@id\":\"https:\\\/\\\/secure.gravatar.com\\\/avatar\\\/1bd5f1da097dcc1699d055b1e1d85cb2cdbe176e2ac14bff88f88c1296246b4d?s=96&d=mm&r=g\",\"url\":\"https:\\\/\\\/secure.gravatar.com\\\/avatar\\\/1bd5f1da097dcc1699d055b1e1d85cb2cdbe176e2ac14bff88f88c1296246b4d?s=96&d=mm&r=g\",\"contentUrl\":\"https:\\\/\\\/secure.gravatar.com\\\/avatar\\\/1bd5f1da097dcc1699d055b1e1d85cb2cdbe176e2ac14bff88f88c1296246b4d?s=96&d=mm&r=g\",\"caption\":\"ArtsPond\"},\"sameAs\":[\"https:\\\/\\\/artspond.com\",\"https:\\\/\\\/www.facebook.com\\\/ArtsPond8\",\"https:\\\/\\\/www.instagram.com\\\/ArtsPond8\",\"https:\\\/\\\/www.linkedin.com\\\/company\\\/artspond8\\\/\",\"https:\\\/\\\/x.com\\\/artspond8\"],\"url\":\"https:\\\/\\\/artspond.com\\\/fr\\\/author\\\/artspond\\\/\"}]}<\/script>\n<!-- \/ Yoast SEO plugin. -->","yoast_head_json":{"title":"Des conversations dans la bulle : Immobilier \u00e0 but social - ArtsPond","description":"Participez \u00e0 une conversation sur l'immobilier \u00e0 vocation sociale organis\u00e9e par l'Urban Land Institute de Toronto et Akin le 14 janvier 2020.","robots":{"index":"index","follow":"follow","max-snippet":"max-snippet:-1","max-image-preview":"max-image-preview:large","max-video-preview":"max-video-preview:-1"},"canonical":"https:\/\/artspond.com\/fr\/2020\/01\/07\/des-conversations-dans-la-bulle-immobilier-a-but-social\/","og_locale":"fr_FR","og_type":"article","og_title":"Des conversations dans la bulle : Immobilier \u00e0 but social - ArtsPond","og_description":"Participez \u00e0 une conversation sur l'immobilier \u00e0 vocation sociale organis\u00e9e par l'Urban Land Institute de Toronto et Akin le 14 janvier 2020.","og_url":"https:\/\/artspond.com\/fr\/2020\/01\/07\/des-conversations-dans-la-bulle-immobilier-a-but-social\/","og_site_name":"ArtsPond","article_author":"https:\/\/www.facebook.com\/ArtsPond8","article_published_time":"2020-01-08T01:02:33+00:00","article_modified_time":"2021-05-19T19:31:42+00:00","og_image":[{"width":900,"height":600,"url":"https:\/\/artspond.com\/wp-content\/uploads\/2020\/01\/2020-01-06-ULI-ap.png","type":"image\/png"}],"author":"ArtsPond","twitter_card":"summary_large_image","twitter_creator":"@artspond8","twitter_misc":{"\u00c9crit par":"ArtsPond"},"schema":{"@context":"https:\/\/schema.org","@graph":[{"@type":"Article","@id":"https:\/\/artspond.com\/fr\/2020\/01\/07\/des-conversations-dans-la-bulle-immobilier-a-but-social\/#article","isPartOf":{"@id":"https:\/\/artspond.com\/fr\/2020\/01\/07\/des-conversations-dans-la-bulle-immobilier-a-but-social\/"},"author":{"name":"ArtsPond","@id":"https:\/\/artspond.com\/fr\/#\/schema\/person\/bd83bce66ca5f08a60b95c4cf5f1b96b"},"headline":"Des conversations dans la bulle : Immobilier \u00e0 but social","datePublished":"2020-01-08T01:02:33+00:00","dateModified":"2021-05-19T19:31:42+00:00","mainEntityOfPage":{"@id":"https:\/\/artspond.com\/fr\/2020\/01\/07\/des-conversations-dans-la-bulle-immobilier-a-but-social\/"},"wordCount":101,"image":{"@id":"https:\/\/artspond.com\/fr\/2020\/01\/07\/des-conversations-dans-la-bulle-immobilier-a-but-social\/#primaryimage"},"thumbnailUrl":"https:\/\/artspond.com\/wp-content\/uploads\/2020\/01\/2020-01-06-ULI-ap.png","keywords":["Histoire de Terrain","Social purpose real estate"],"articleSection":["Communaut\u00e9","News"],"inLanguage":"fr-FR"},{"@type":"WebPage","@id":"https:\/\/artspond.com\/fr\/2020\/01\/07\/des-conversations-dans-la-bulle-immobilier-a-but-social\/","url":"https:\/\/artspond.com\/fr\/2020\/01\/07\/des-conversations-dans-la-bulle-immobilier-a-but-social\/","name":"Des conversations dans la bulle : Immobilier \u00e0 but social - ArtsPond","isPartOf":{"@id":"https:\/\/artspond.com\/fr\/#website"},"primaryImageOfPage":{"@id":"https:\/\/artspond.com\/fr\/2020\/01\/07\/des-conversations-dans-la-bulle-immobilier-a-but-social\/#primaryimage"},"image":{"@id":"https:\/\/artspond.com\/fr\/2020\/01\/07\/des-conversations-dans-la-bulle-immobilier-a-but-social\/#primaryimage"},"thumbnailUrl":"https:\/\/artspond.com\/wp-content\/uploads\/2020\/01\/2020-01-06-ULI-ap.png","datePublished":"2020-01-08T01:02:33+00:00","dateModified":"2021-05-19T19:31:42+00:00","author":{"@id":"https:\/\/artspond.com\/fr\/#\/schema\/person\/bd83bce66ca5f08a60b95c4cf5f1b96b"},"description":"Participez \u00e0 une conversation sur l'immobilier \u00e0 vocation sociale organis\u00e9e par l'Urban Land Institute de Toronto et Akin le 14 janvier 2020.","breadcrumb":{"@id":"https:\/\/artspond.com\/fr\/2020\/01\/07\/des-conversations-dans-la-bulle-immobilier-a-but-social\/#breadcrumb"},"inLanguage":"fr-FR","potentialAction":[{"@type":"ReadAction","target":["https:\/\/artspond.com\/fr\/2020\/01\/07\/des-conversations-dans-la-bulle-immobilier-a-but-social\/"]}]},{"@type":"ImageObject","inLanguage":"fr-FR","@id":"https:\/\/artspond.com\/fr\/2020\/01\/07\/des-conversations-dans-la-bulle-immobilier-a-but-social\/#primaryimage","url":"https:\/\/artspond.com\/wp-content\/uploads\/2020\/01\/2020-01-06-ULI-ap.png","contentUrl":"https:\/\/artspond.com\/wp-content\/uploads\/2020\/01\/2020-01-06-ULI-ap.png","width":900,"height":600},{"@type":"BreadcrumbList","@id":"https:\/\/artspond.com\/fr\/2020\/01\/07\/des-conversations-dans-la-bulle-immobilier-a-but-social\/#breadcrumb","itemListElement":[{"@type":"ListItem","position":1,"name":"Home","item":"https:\/\/artspond.com\/fr\/"},{"@type":"ListItem","position":2,"name":"Des conversations dans la bulle : Immobilier \u00e0 but social"}]},{"@type":"WebSite","@id":"https:\/\/artspond.com\/fr\/#website","url":"https:\/\/artspond.com\/fr\/","name":"ArtsPond","description":"","potentialAction":[{"@type":"SearchAction","target":{"@type":"EntryPoint","urlTemplate":"https:\/\/artspond.com\/fr\/?s={search_term_string}"},"query-input":{"@type":"PropertyValueSpecification","valueRequired":true,"valueName":"search_term_string"}}],"inLanguage":"fr-FR"},{"@type":"Person","@id":"https:\/\/artspond.com\/fr\/#\/schema\/person\/bd83bce66ca5f08a60b95c4cf5f1b96b","name":"ArtsPond","image":{"@type":"ImageObject","inLanguage":"fr-FR","@id":"https:\/\/secure.gravatar.com\/avatar\/1bd5f1da097dcc1699d055b1e1d85cb2cdbe176e2ac14bff88f88c1296246b4d?s=96&d=mm&r=g","url":"https:\/\/secure.gravatar.com\/avatar\/1bd5f1da097dcc1699d055b1e1d85cb2cdbe176e2ac14bff88f88c1296246b4d?s=96&d=mm&r=g","contentUrl":"https:\/\/secure.gravatar.com\/avatar\/1bd5f1da097dcc1699d055b1e1d85cb2cdbe176e2ac14bff88f88c1296246b4d?s=96&d=mm&r=g","caption":"ArtsPond"},"sameAs":["https:\/\/artspond.com","https:\/\/www.facebook.com\/ArtsPond8","https:\/\/www.instagram.com\/ArtsPond8","https:\/\/www.linkedin.com\/company\/artspond8\/","https:\/\/x.com\/artspond8"],"url":"https:\/\/artspond.com\/fr\/author\/artspond\/"}]}},"_links":{"self":[{"href":"https:\/\/artspond.com\/fr\/wp-json\/wp\/v2\/posts\/7860","targetHints":{"allow":["GET"]}}],"collection":[{"href":"https:\/\/artspond.com\/fr\/wp-json\/wp\/v2\/posts"}],"about":[{"href":"https:\/\/artspond.com\/fr\/wp-json\/wp\/v2\/types\/post"}],"author":[{"embeddable":true,"href":"https:\/\/artspond.com\/fr\/wp-json\/wp\/v2\/users\/1"}],"replies":[{"embeddable":true,"href":"https:\/\/artspond.com\/fr\/wp-json\/wp\/v2\/comments?post=7860"}],"version-history":[{"count":0,"href":"https:\/\/artspond.com\/fr\/wp-json\/wp\/v2\/posts\/7860\/revisions"}],"wp:featuredmedia":[{"embeddable":true,"href":"https:\/\/artspond.com\/fr\/wp-json\/wp\/v2\/media\/6828"}],"wp:attachment":[{"href":"https:\/\/artspond.com\/fr\/wp-json\/wp\/v2\/media?parent=7860"}],"wp:term":[{"taxonomy":"category","embeddable":true,"href":"https:\/\/artspond.com\/fr\/wp-json\/wp\/v2\/categories?post=7860"},{"taxonomy":"post_tag","embeddable":true,"href":"https:\/\/artspond.com\/fr\/wp-json\/wp\/v2\/tags?post=7860"}],"curies":[{"name":"wp","href":"https:\/\/api.w.org\/{rel}","templated":true}]}}