{"id":7856,"date":"2020-01-07T20:11:47","date_gmt":"2020-01-08T01:11:47","guid":{"rendered":"https:\/\/artspond.com\/2020\/06\/26\/programme-de-preparation-a-linvestissement-dans-le-domaine-du-financement-social\/"},"modified":"2021-05-19T15:26:52","modified_gmt":"2021-05-19T19:26:52","slug":"programme-de-preparation-a-linvestissement-dans-le-domaine-du-financement-social","status":"publish","type":"post","link":"https:\/\/artspond.com\/fr\/2020\/01\/07\/programme-de-preparation-a-linvestissement-dans-le-domaine-du-financement-social\/","title":{"rendered":"Programme de pr\u00e9paration \u00e0 l&rsquo;investissement dans le domaine du financement social"},"content":{"rendered":"\n<p>Pensez-vous \u00e0 l&rsquo;innovation sociale et au financement social ? Votre organisation souhaiterait peut-\u00eatre pr\u00e9senter une demande dans le cadre du programme canadien de pr\u00e9paration \u00e0 l&rsquo;investissement dans le domaine de la finance sociale. Les premi\u00e8res dates limites ont maintenant \u00e9t\u00e9 annonc\u00e9es par<strong><a href=\"https:\/\/www.communityfoundations.ca\/initiatives\/the-investment-readiness-fund\/\"> les Fondations communautaires du Canada<\/a><\/strong> pour la p\u00e9riode de janvier \u00e0 la mi-f\u00e9vrier 2020.<\/p>\n","protected":false},"excerpt":{"rendered":"<p>Les Fondations communautaires du Canada annoncent leur premi\u00e8re participation au programme de pr\u00e9paration \u00e0 l&rsquo;investissement du Fonds de financement social canadien en janvier\/f\u00e9vrier 2020.<\/p>\n","protected":false},"author":1,"featured_media":6833,"comment_status":"closed","ping_status":"closed","sticky":false,"template":"","format":"standard","meta":{"footnotes":""},"categories":[166],"tags":[179,177],"class_list":["post-7856","post","type-post","status-publish","format-standard","has-post-thumbnail","hentry","category-communaute","tag-la-finance-sociale","tag-le-financement"],"yoast_head":"<!-- This site is optimized with the Yoast SEO plugin v27.5 - https:\/\/yoast.com\/product\/yoast-seo-wordpress\/ -->\n<title>Programme de pr\u00e9paration \u00e0 l&#039;investissement dans le domaine du financement social - ArtsPond<\/title>\n<meta name=\"description\" content=\"Les Fondations communautaires du Canada annoncent leur premi\u00e8re participation au programme de pr\u00e9paration \u00e0 l&#039;investissement du Fonds de financement social canadien en janvier\/f\u00e9vrier 2020.\" \/>\n<meta name=\"robots\" content=\"index, follow, max-snippet:-1, max-image-preview:large, max-video-preview:-1\" \/>\n<link rel=\"canonical\" href=\"https:\/\/artspond.com\/fr\/2020\/01\/07\/programme-de-preparation-a-linvestissement-dans-le-domaine-du-financement-social\/\" \/>\n<meta property=\"og:locale\" content=\"fr_FR\" \/>\n<meta property=\"og:type\" content=\"article\" \/>\n<meta property=\"og:title\" content=\"Programme de pr\u00e9paration \u00e0 l&#039;investissement dans le domaine du financement social - ArtsPond\" \/>\n<meta property=\"og:description\" content=\"Les Fondations communautaires du Canada annoncent leur premi\u00e8re participation au programme de pr\u00e9paration \u00e0 l&#039;investissement du Fonds de financement social canadien en janvier\/f\u00e9vrier 2020.\" \/>\n<meta property=\"og:url\" content=\"https:\/\/artspond.com\/fr\/2020\/01\/07\/programme-de-preparation-a-linvestissement-dans-le-domaine-du-financement-social\/\" \/>\n<meta property=\"og:site_name\" content=\"ArtsPond\" \/>\n<meta property=\"article:author\" content=\"https:\/\/www.facebook.com\/ArtsPond8\" \/>\n<meta property=\"article:published_time\" content=\"2020-01-08T01:11:47+00:00\" \/>\n<meta property=\"article:modified_time\" content=\"2021-05-19T19:26:52+00:00\" \/>\n<meta property=\"og:image\" content=\"https:\/\/artspond.com\/wp-content\/uploads\/2020\/01\/2020-01-07-SFIRP-ap.png\" \/>\n\t<meta property=\"og:image:width\" content=\"900\" \/>\n\t<meta property=\"og:image:height\" content=\"600\" \/>\n\t<meta property=\"og:image:type\" content=\"image\/png\" \/>\n<meta name=\"author\" content=\"ArtsPond\" \/>\n<meta name=\"twitter:card\" content=\"summary_large_image\" \/>\n<meta name=\"twitter:creator\" content=\"@artspond8\" \/>\n<meta name=\"twitter:label1\" content=\"\u00c9crit par\" \/>\n\t<meta name=\"twitter:data1\" content=\"ArtsPond\" \/>\n<script type=\"application\/ld+json\" class=\"yoast-schema-graph\">{\"@context\":\"https:\\\/\\\/schema.org\",\"@graph\":[{\"@type\":\"Article\",\"@id\":\"https:\\\/\\\/artspond.com\\\/fr\\\/2020\\\/01\\\/07\\\/programme-de-preparation-a-linvestissement-dans-le-domaine-du-financement-social\\\/#article\",\"isPartOf\":{\"@id\":\"https:\\\/\\\/artspond.com\\\/fr\\\/2020\\\/01\\\/07\\\/programme-de-preparation-a-linvestissement-dans-le-domaine-du-financement-social\\\/\"},\"author\":{\"name\":\"ArtsPond\",\"@id\":\"https:\\\/\\\/artspond.com\\\/fr\\\/#\\\/schema\\\/person\\\/bd83bce66ca5f08a60b95c4cf5f1b96b\"},\"headline\":\"Programme de pr\u00e9paration \u00e0 l&rsquo;investissement dans le domaine du financement social\",\"datePublished\":\"2020-01-08T01:11:47+00:00\",\"dateModified\":\"2021-05-19T19:26:52+00:00\",\"mainEntityOfPage\":{\"@id\":\"https:\\\/\\\/artspond.com\\\/fr\\\/2020\\\/01\\\/07\\\/programme-de-preparation-a-linvestissement-dans-le-domaine-du-financement-social\\\/\"},\"wordCount\":72,\"image\":{\"@id\":\"https:\\\/\\\/artspond.com\\\/fr\\\/2020\\\/01\\\/07\\\/programme-de-preparation-a-linvestissement-dans-le-domaine-du-financement-social\\\/#primaryimage\"},\"thumbnailUrl\":\"https:\\\/\\\/artspond.com\\\/wp-content\\\/uploads\\\/2020\\\/01\\\/2020-01-07-SFIRP-ap.png\",\"keywords\":[\"La finance sociale\",\"Le financement\"],\"articleSection\":[\"Communaut\u00e9\"],\"inLanguage\":\"fr-FR\"},{\"@type\":\"WebPage\",\"@id\":\"https:\\\/\\\/artspond.com\\\/fr\\\/2020\\\/01\\\/07\\\/programme-de-preparation-a-linvestissement-dans-le-domaine-du-financement-social\\\/\",\"url\":\"https:\\\/\\\/artspond.com\\\/fr\\\/2020\\\/01\\\/07\\\/programme-de-preparation-a-linvestissement-dans-le-domaine-du-financement-social\\\/\",\"name\":\"Programme de pr\u00e9paration \u00e0 l'investissement dans le domaine du financement social - ArtsPond\",\"isPartOf\":{\"@id\":\"https:\\\/\\\/artspond.com\\\/fr\\\/#website\"},\"primaryImageOfPage\":{\"@id\":\"https:\\\/\\\/artspond.com\\\/fr\\\/2020\\\/01\\\/07\\\/programme-de-preparation-a-linvestissement-dans-le-domaine-du-financement-social\\\/#primaryimage\"},\"image\":{\"@id\":\"https:\\\/\\\/artspond.com\\\/fr\\\/2020\\\/01\\\/07\\\/programme-de-preparation-a-linvestissement-dans-le-domaine-du-financement-social\\\/#primaryimage\"},\"thumbnailUrl\":\"https:\\\/\\\/artspond.com\\\/wp-content\\\/uploads\\\/2020\\\/01\\\/2020-01-07-SFIRP-ap.png\",\"datePublished\":\"2020-01-08T01:11:47+00:00\",\"dateModified\":\"2021-05-19T19:26:52+00:00\",\"author\":{\"@id\":\"https:\\\/\\\/artspond.com\\\/fr\\\/#\\\/schema\\\/person\\\/bd83bce66ca5f08a60b95c4cf5f1b96b\"},\"description\":\"Les Fondations communautaires du Canada annoncent leur premi\u00e8re participation au programme de pr\u00e9paration \u00e0 l'investissement du Fonds de financement social canadien en janvier\\\/f\u00e9vrier 2020.\",\"breadcrumb\":{\"@id\":\"https:\\\/\\\/artspond.com\\\/fr\\\/2020\\\/01\\\/07\\\/programme-de-preparation-a-linvestissement-dans-le-domaine-du-financement-social\\\/#breadcrumb\"},\"inLanguage\":\"fr-FR\",\"potentialAction\":[{\"@type\":\"ReadAction\",\"target\":[\"https:\\\/\\\/artspond.com\\\/fr\\\/2020\\\/01\\\/07\\\/programme-de-preparation-a-linvestissement-dans-le-domaine-du-financement-social\\\/\"]}]},{\"@type\":\"ImageObject\",\"inLanguage\":\"fr-FR\",\"@id\":\"https:\\\/\\\/artspond.com\\\/fr\\\/2020\\\/01\\\/07\\\/programme-de-preparation-a-linvestissement-dans-le-domaine-du-financement-social\\\/#primaryimage\",\"url\":\"https:\\\/\\\/artspond.com\\\/wp-content\\\/uploads\\\/2020\\\/01\\\/2020-01-07-SFIRP-ap.png\",\"contentUrl\":\"https:\\\/\\\/artspond.com\\\/wp-content\\\/uploads\\\/2020\\\/01\\\/2020-01-07-SFIRP-ap.png\",\"width\":900,\"height\":600},{\"@type\":\"BreadcrumbList\",\"@id\":\"https:\\\/\\\/artspond.com\\\/fr\\\/2020\\\/01\\\/07\\\/programme-de-preparation-a-linvestissement-dans-le-domaine-du-financement-social\\\/#breadcrumb\",\"itemListElement\":[{\"@type\":\"ListItem\",\"position\":1,\"name\":\"Home\",\"item\":\"https:\\\/\\\/artspond.com\\\/fr\\\/\"},{\"@type\":\"ListItem\",\"position\":2,\"name\":\"Programme de pr\u00e9paration \u00e0 l&#8217;investissement dans le domaine du financement social\"}]},{\"@type\":\"WebSite\",\"@id\":\"https:\\\/\\\/artspond.com\\\/fr\\\/#website\",\"url\":\"https:\\\/\\\/artspond.com\\\/fr\\\/\",\"name\":\"ArtsPond\",\"description\":\"\",\"potentialAction\":[{\"@type\":\"SearchAction\",\"target\":{\"@type\":\"EntryPoint\",\"urlTemplate\":\"https:\\\/\\\/artspond.com\\\/fr\\\/?s={search_term_string}\"},\"query-input\":{\"@type\":\"PropertyValueSpecification\",\"valueRequired\":true,\"valueName\":\"search_term_string\"}}],\"inLanguage\":\"fr-FR\"},{\"@type\":\"Person\",\"@id\":\"https:\\\/\\\/artspond.com\\\/fr\\\/#\\\/schema\\\/person\\\/bd83bce66ca5f08a60b95c4cf5f1b96b\",\"name\":\"ArtsPond\",\"image\":{\"@type\":\"ImageObject\",\"inLanguage\":\"fr-FR\",\"@id\":\"https:\\\/\\\/secure.gravatar.com\\\/avatar\\\/1bd5f1da097dcc1699d055b1e1d85cb2cdbe176e2ac14bff88f88c1296246b4d?s=96&d=mm&r=g\",\"url\":\"https:\\\/\\\/secure.gravatar.com\\\/avatar\\\/1bd5f1da097dcc1699d055b1e1d85cb2cdbe176e2ac14bff88f88c1296246b4d?s=96&d=mm&r=g\",\"contentUrl\":\"https:\\\/\\\/secure.gravatar.com\\\/avatar\\\/1bd5f1da097dcc1699d055b1e1d85cb2cdbe176e2ac14bff88f88c1296246b4d?s=96&d=mm&r=g\",\"caption\":\"ArtsPond\"},\"sameAs\":[\"https:\\\/\\\/artspond.com\",\"https:\\\/\\\/www.facebook.com\\\/ArtsPond8\",\"https:\\\/\\\/www.instagram.com\\\/ArtsPond8\",\"https:\\\/\\\/www.linkedin.com\\\/company\\\/artspond8\\\/\",\"https:\\\/\\\/x.com\\\/artspond8\"],\"url\":\"https:\\\/\\\/artspond.com\\\/fr\\\/author\\\/artspond\\\/\"}]}<\/script>\n<!-- \/ Yoast SEO plugin. -->","yoast_head_json":{"title":"Programme de pr\u00e9paration \u00e0 l'investissement dans le domaine du financement social - ArtsPond","description":"Les Fondations communautaires du Canada annoncent leur premi\u00e8re participation au programme de pr\u00e9paration \u00e0 l'investissement du Fonds de financement social canadien en janvier\/f\u00e9vrier 2020.","robots":{"index":"index","follow":"follow","max-snippet":"max-snippet:-1","max-image-preview":"max-image-preview:large","max-video-preview":"max-video-preview:-1"},"canonical":"https:\/\/artspond.com\/fr\/2020\/01\/07\/programme-de-preparation-a-linvestissement-dans-le-domaine-du-financement-social\/","og_locale":"fr_FR","og_type":"article","og_title":"Programme de pr\u00e9paration \u00e0 l'investissement dans le domaine du financement social - ArtsPond","og_description":"Les Fondations communautaires du Canada annoncent leur premi\u00e8re participation au programme de pr\u00e9paration \u00e0 l'investissement du Fonds de financement social canadien en janvier\/f\u00e9vrier 2020.","og_url":"https:\/\/artspond.com\/fr\/2020\/01\/07\/programme-de-preparation-a-linvestissement-dans-le-domaine-du-financement-social\/","og_site_name":"ArtsPond","article_author":"https:\/\/www.facebook.com\/ArtsPond8","article_published_time":"2020-01-08T01:11:47+00:00","article_modified_time":"2021-05-19T19:26:52+00:00","og_image":[{"width":900,"height":600,"url":"https:\/\/artspond.com\/wp-content\/uploads\/2020\/01\/2020-01-07-SFIRP-ap.png","type":"image\/png"}],"author":"ArtsPond","twitter_card":"summary_large_image","twitter_creator":"@artspond8","twitter_misc":{"\u00c9crit par":"ArtsPond"},"schema":{"@context":"https:\/\/schema.org","@graph":[{"@type":"Article","@id":"https:\/\/artspond.com\/fr\/2020\/01\/07\/programme-de-preparation-a-linvestissement-dans-le-domaine-du-financement-social\/#article","isPartOf":{"@id":"https:\/\/artspond.com\/fr\/2020\/01\/07\/programme-de-preparation-a-linvestissement-dans-le-domaine-du-financement-social\/"},"author":{"name":"ArtsPond","@id":"https:\/\/artspond.com\/fr\/#\/schema\/person\/bd83bce66ca5f08a60b95c4cf5f1b96b"},"headline":"Programme de pr\u00e9paration \u00e0 l&rsquo;investissement dans le domaine du financement social","datePublished":"2020-01-08T01:11:47+00:00","dateModified":"2021-05-19T19:26:52+00:00","mainEntityOfPage":{"@id":"https:\/\/artspond.com\/fr\/2020\/01\/07\/programme-de-preparation-a-linvestissement-dans-le-domaine-du-financement-social\/"},"wordCount":72,"image":{"@id":"https:\/\/artspond.com\/fr\/2020\/01\/07\/programme-de-preparation-a-linvestissement-dans-le-domaine-du-financement-social\/#primaryimage"},"thumbnailUrl":"https:\/\/artspond.com\/wp-content\/uploads\/2020\/01\/2020-01-07-SFIRP-ap.png","keywords":["La finance sociale","Le financement"],"articleSection":["Communaut\u00e9"],"inLanguage":"fr-FR"},{"@type":"WebPage","@id":"https:\/\/artspond.com\/fr\/2020\/01\/07\/programme-de-preparation-a-linvestissement-dans-le-domaine-du-financement-social\/","url":"https:\/\/artspond.com\/fr\/2020\/01\/07\/programme-de-preparation-a-linvestissement-dans-le-domaine-du-financement-social\/","name":"Programme de pr\u00e9paration \u00e0 l'investissement dans le domaine du financement social - ArtsPond","isPartOf":{"@id":"https:\/\/artspond.com\/fr\/#website"},"primaryImageOfPage":{"@id":"https:\/\/artspond.com\/fr\/2020\/01\/07\/programme-de-preparation-a-linvestissement-dans-le-domaine-du-financement-social\/#primaryimage"},"image":{"@id":"https:\/\/artspond.com\/fr\/2020\/01\/07\/programme-de-preparation-a-linvestissement-dans-le-domaine-du-financement-social\/#primaryimage"},"thumbnailUrl":"https:\/\/artspond.com\/wp-content\/uploads\/2020\/01\/2020-01-07-SFIRP-ap.png","datePublished":"2020-01-08T01:11:47+00:00","dateModified":"2021-05-19T19:26:52+00:00","author":{"@id":"https:\/\/artspond.com\/fr\/#\/schema\/person\/bd83bce66ca5f08a60b95c4cf5f1b96b"},"description":"Les Fondations communautaires du Canada annoncent leur premi\u00e8re participation au programme de pr\u00e9paration \u00e0 l'investissement du Fonds de financement social canadien en janvier\/f\u00e9vrier 2020.","breadcrumb":{"@id":"https:\/\/artspond.com\/fr\/2020\/01\/07\/programme-de-preparation-a-linvestissement-dans-le-domaine-du-financement-social\/#breadcrumb"},"inLanguage":"fr-FR","potentialAction":[{"@type":"ReadAction","target":["https:\/\/artspond.com\/fr\/2020\/01\/07\/programme-de-preparation-a-linvestissement-dans-le-domaine-du-financement-social\/"]}]},{"@type":"ImageObject","inLanguage":"fr-FR","@id":"https:\/\/artspond.com\/fr\/2020\/01\/07\/programme-de-preparation-a-linvestissement-dans-le-domaine-du-financement-social\/#primaryimage","url":"https:\/\/artspond.com\/wp-content\/uploads\/2020\/01\/2020-01-07-SFIRP-ap.png","contentUrl":"https:\/\/artspond.com\/wp-content\/uploads\/2020\/01\/2020-01-07-SFIRP-ap.png","width":900,"height":600},{"@type":"BreadcrumbList","@id":"https:\/\/artspond.com\/fr\/2020\/01\/07\/programme-de-preparation-a-linvestissement-dans-le-domaine-du-financement-social\/#breadcrumb","itemListElement":[{"@type":"ListItem","position":1,"name":"Home","item":"https:\/\/artspond.com\/fr\/"},{"@type":"ListItem","position":2,"name":"Programme de pr\u00e9paration \u00e0 l&#8217;investissement dans le domaine du financement social"}]},{"@type":"WebSite","@id":"https:\/\/artspond.com\/fr\/#website","url":"https:\/\/artspond.com\/fr\/","name":"ArtsPond","description":"","potentialAction":[{"@type":"SearchAction","target":{"@type":"EntryPoint","urlTemplate":"https:\/\/artspond.com\/fr\/?s={search_term_string}"},"query-input":{"@type":"PropertyValueSpecification","valueRequired":true,"valueName":"search_term_string"}}],"inLanguage":"fr-FR"},{"@type":"Person","@id":"https:\/\/artspond.com\/fr\/#\/schema\/person\/bd83bce66ca5f08a60b95c4cf5f1b96b","name":"ArtsPond","image":{"@type":"ImageObject","inLanguage":"fr-FR","@id":"https:\/\/secure.gravatar.com\/avatar\/1bd5f1da097dcc1699d055b1e1d85cb2cdbe176e2ac14bff88f88c1296246b4d?s=96&d=mm&r=g","url":"https:\/\/secure.gravatar.com\/avatar\/1bd5f1da097dcc1699d055b1e1d85cb2cdbe176e2ac14bff88f88c1296246b4d?s=96&d=mm&r=g","contentUrl":"https:\/\/secure.gravatar.com\/avatar\/1bd5f1da097dcc1699d055b1e1d85cb2cdbe176e2ac14bff88f88c1296246b4d?s=96&d=mm&r=g","caption":"ArtsPond"},"sameAs":["https:\/\/artspond.com","https:\/\/www.facebook.com\/ArtsPond8","https:\/\/www.instagram.com\/ArtsPond8","https:\/\/www.linkedin.com\/company\/artspond8\/","https:\/\/x.com\/artspond8"],"url":"https:\/\/artspond.com\/fr\/author\/artspond\/"}]}},"_links":{"self":[{"href":"https:\/\/artspond.com\/fr\/wp-json\/wp\/v2\/posts\/7856","targetHints":{"allow":["GET"]}}],"collection":[{"href":"https:\/\/artspond.com\/fr\/wp-json\/wp\/v2\/posts"}],"about":[{"href":"https:\/\/artspond.com\/fr\/wp-json\/wp\/v2\/types\/post"}],"author":[{"embeddable":true,"href":"https:\/\/artspond.com\/fr\/wp-json\/wp\/v2\/users\/1"}],"replies":[{"embeddable":true,"href":"https:\/\/artspond.com\/fr\/wp-json\/wp\/v2\/comments?post=7856"}],"version-history":[{"count":0,"href":"https:\/\/artspond.com\/fr\/wp-json\/wp\/v2\/posts\/7856\/revisions"}],"wp:featuredmedia":[{"embeddable":true,"href":"https:\/\/artspond.com\/fr\/wp-json\/wp\/v2\/media\/6833"}],"wp:attachment":[{"href":"https:\/\/artspond.com\/fr\/wp-json\/wp\/v2\/media?parent=7856"}],"wp:term":[{"taxonomy":"category","embeddable":true,"href":"https:\/\/artspond.com\/fr\/wp-json\/wp\/v2\/categories?post=7856"},{"taxonomy":"post_tag","embeddable":true,"href":"https:\/\/artspond.com\/fr\/wp-json\/wp\/v2\/tags?post=7856"}],"curies":[{"name":"wp","href":"https:\/\/api.w.org\/{rel}","templated":true}]}}