{"id":6446,"date":"2018-07-27T15:55:57","date_gmt":"2018-07-27T19:55:57","guid":{"rendered":"https:\/\/artspond.com\/2019\/08\/20\/reflexions-dete-melanie-cohen\/"},"modified":"2021-05-20T16:59:01","modified_gmt":"2021-05-20T20:59:01","slug":"reflexions-dete-melanie-cohen","status":"publish","type":"post","link":"https:\/\/artspond.com\/fr\/2018\/07\/27\/reflexions-dete-melanie-cohen\/","title":{"rendered":"R\u00e9flexions d&rsquo;\u00e9t\u00e9: Melanie Cohen"},"content":{"rendered":"<p><em><span id=\"p0\"><span id=\"3\" class=\"s-rg-t\">Melanie<\/span> Cohen s&rsquo;est jointe \u00e0 \u00c9tang d&rsquo;Arts le 28 mai 2018 en tant qu&rsquo;assistante d&rsquo;\u00e9ducation et de sensibilisation d&rsquo;Emplois d&rsquo;\u00e9t\u00e9 Canada.<\/span><span id=\"p1\">\u00a0Voici quelques-unes de ses r\u00e9flexions sur l&rsquo;ach\u00e8vement de son contrat avec nous.<\/span><span id=\"p8\">\u00a0N<\/span>ous souhaitons qu&rsquo;elle n&rsquo;\u00e9tait pas oblig\u00e9e de retourner \u00e0 l&rsquo;\u00e9cole pour que nous puissions la garder encore plus longtemps avec nous !<\/em><\/p>\n<p>&nbsp;<\/p>\n<p>En tant qu&rsquo;\u00e9tudiant de premier cycle, chercher un emploi d&rsquo;\u00e9t\u00e9 me semblait une multitude de choses: frustrant, \u00e9puisant, exasp\u00e9rant, et bien d&rsquo;autre. Cependant, je peux maintenant dire que je suis vraiment reconnaissant d\u2019avoir v\u00e9cu des changements assez ennuyeux, un sens du d\u00e9couragement g\u00e9n\u00e9ral et d\u2019innombrables rejets parce que tout m\u2019a conduit \u00e0 \u00c9tang d&rsquo;Arts.<\/p>\n<p>J&rsquo;ai un horaire et un revenu stable maintenant, deux choses que je svoulais d\u00e9sesp\u00e9r\u00e9ment apr\u00e8s avoir termin\u00e9 ma quatri\u00e8me ann\u00e9e \u00e0 l&rsquo;Universit\u00e9 de Toronto. De plus, et peut-\u00eatre le plus important, plus je venais au travail, plus je me sentais combl\u00e9 \u00e0 la fin de la journ\u00e9e. Chaque jour, je travaille dans un espace confortable et accueillant, avec un personnel amical et coop\u00e9ratif et un patron passionn\u00e9e, gentille et calme. Il n\u2019ya pas de code vestimentaire, je peux cr\u00e9er mon propre horaire et je me rends dans l\u2019un des quartiers les plus anim\u00e9s de la ville. Mon patron, Jessa, nous pr\u00e9pare de d\u00e9licieux smoothies et mon coll\u00e8gue, Matt, m&rsquo;ach\u00e8te un caf\u00e9 pendant ses pauses-d\u00e9jeuner. Je peux travailler \u00e0 la maison de temps en temps et je travaille 6 heures par jour! Cela ressemble \u00e0 un r\u00eave, non? Eh bien, c\u2019est le cas, et la meilleure partie de cela est que j\u2019aime faire ce type de travail.<\/p>\n<p>Travailler \u00e0 \u00c9tang d&rsquo;Arts avec Jessa a \u00e9t\u00e9 une exp\u00e9rience vraiment pr\u00e9cieuse pour moi. Je suis plus comp\u00e9tent en Excel, j\u2019ai acquis un vocabulaire concis et professionnel et je contribue aux efforts de quelque chose qui tente d\u2019am\u00e9liorer la vie de beaucoup de personnes.J\u2019ai appris plus sur le logement (abordable) que j&rsquo;ai appris dans toute ma vie, et je sais plus par rapport aux difficult\u00e9s que rencontrent les artistes que je ne savais qu&rsquo;ils existent. J&rsquo;ai appris le protocole, la langue et la collaboration des organismes sans but lucratif. J&rsquo;ai compris l&rsquo;importance non seulement de l&rsquo;engagement communautaire, mais \u00e9galement de la discussion communautaire, et la valeur intrins\u00e8que d&rsquo;avoir un \u00e9ventail de perspectives dans la m\u00eame pi\u00e8ce. Comme mon \u00e9rudit pr\u00e9f\u00e9r\u00e9 Marshall McLuhan a dit, \u201c<em>the job of the artist is to upset all the senses and thus provide new vision and new powers of adjusting to and relating to new situations.\u201d <\/em>Travailler \u00e0 ArtsPond m&rsquo;a aid\u00e9 \u00e0 vraiment appr\u00e9cier cette r\u00e9alit\u00e9. Avec cela, je tiens \u00e0 remercier Jessa et l\u2019\u00e9quipe d&rsquo;ArtsPond. L\u2019\u00e9t\u00e9 a \u00e9t\u00e9 formidable de travailler avec vous tous.<\/p>\n","protected":false},"excerpt":{"rendered":"<p>Melanie Cohen s&rsquo;est jointe \u00e0 \u00c9tang d&rsquo;Arts le 28 mai 2018 en tant qu&rsquo;assistante d&rsquo;\u00e9ducation et de sensibilisation d&rsquo;Emplois d&rsquo;\u00e9t\u00e9 Canada.\u00a0Voici quelques-unes de ses r\u00e9flexions sur<span class=\"excerpt-hellip\"> [\u2026]<\/span><\/p>\n","protected":false},"author":1,"featured_media":4667,"comment_status":"closed","ping_status":"closed","sticky":false,"template":"","format":"standard","meta":{"footnotes":""},"categories":[89],"tags":[190],"class_list":["post-6446","post","type-post","status-publish","format-standard","has-post-thumbnail","hentry","category-news-fr","tag-histoires-du-personnel"],"yoast_head":"<!-- This site is optimized with the Yoast SEO plugin v27.5 - https:\/\/yoast.com\/product\/yoast-seo-wordpress\/ -->\n<title>R\u00e9flexions d&#039;\u00e9t\u00e9: Melanie Cohen - ArtsPond<\/title>\n<meta name=\"description\" content=\"Melanie Cohen partage quelques r\u00e9flexions sur son temps pass\u00e9 \u00e0 ArtsPond en tant qu&#039;assistante d&#039;\u00e9ducation et de sensibilisation, financ\u00e9e par Emplois d&#039;\u00e9t\u00e9 Canada.\" \/>\n<meta name=\"robots\" content=\"index, follow, max-snippet:-1, max-image-preview:large, max-video-preview:-1\" \/>\n<link rel=\"canonical\" href=\"https:\/\/artspond.com\/fr\/2018\/07\/27\/reflexions-dete-melanie-cohen\/\" \/>\n<meta property=\"og:locale\" content=\"fr_FR\" \/>\n<meta property=\"og:type\" content=\"article\" \/>\n<meta property=\"og:title\" content=\"R\u00e9flexions d&#039;\u00e9t\u00e9: Melanie Cohen - ArtsPond\" \/>\n<meta property=\"og:description\" content=\"Melanie Cohen partage quelques r\u00e9flexions sur son temps pass\u00e9 \u00e0 ArtsPond en tant qu&#039;assistante d&#039;\u00e9ducation et de sensibilisation, financ\u00e9e par Emplois d&#039;\u00e9t\u00e9 Canada.\" \/>\n<meta property=\"og:url\" content=\"https:\/\/artspond.com\/fr\/2018\/07\/27\/reflexions-dete-melanie-cohen\/\" \/>\n<meta property=\"og:site_name\" content=\"ArtsPond\" \/>\n<meta property=\"article:author\" content=\"https:\/\/www.facebook.com\/ArtsPond8\" \/>\n<meta property=\"article:published_time\" content=\"2018-07-27T19:55:57+00:00\" \/>\n<meta property=\"article:modified_time\" content=\"2021-05-20T20:59:01+00:00\" \/>\n<meta property=\"og:image\" content=\"https:\/\/artspond.com\/wp-content\/uploads\/2018\/07\/2018-Cohen-Melanie-1.jpg\" \/>\n\t<meta property=\"og:image:width\" content=\"900\" \/>\n\t<meta property=\"og:image:height\" content=\"600\" \/>\n\t<meta property=\"og:image:type\" content=\"image\/jpeg\" \/>\n<meta name=\"author\" content=\"ArtsPond\" \/>\n<meta name=\"twitter:card\" content=\"summary_large_image\" \/>\n<meta name=\"twitter:creator\" content=\"@artspond8\" \/>\n<meta name=\"twitter:label1\" content=\"\u00c9crit par\" \/>\n\t<meta name=\"twitter:data1\" content=\"ArtsPond\" \/>\n\t<meta name=\"twitter:label2\" content=\"Dur\u00e9e de lecture estim\u00e9e\" \/>\n\t<meta name=\"twitter:data2\" content=\"2 minutes\" \/>\n<script type=\"application\/ld+json\" class=\"yoast-schema-graph\">{\"@context\":\"https:\\\/\\\/schema.org\",\"@graph\":[{\"@type\":\"Article\",\"@id\":\"https:\\\/\\\/artspond.com\\\/fr\\\/2018\\\/07\\\/27\\\/reflexions-dete-melanie-cohen\\\/#article\",\"isPartOf\":{\"@id\":\"https:\\\/\\\/artspond.com\\\/fr\\\/2018\\\/07\\\/27\\\/reflexions-dete-melanie-cohen\\\/\"},\"author\":{\"name\":\"ArtsPond\",\"@id\":\"https:\\\/\\\/artspond.com\\\/fr\\\/#\\\/schema\\\/person\\\/bd83bce66ca5f08a60b95c4cf5f1b96b\"},\"headline\":\"R\u00e9flexions d&rsquo;\u00e9t\u00e9: Melanie Cohen\",\"datePublished\":\"2018-07-27T19:55:57+00:00\",\"dateModified\":\"2021-05-20T20:59:01+00:00\",\"mainEntityOfPage\":{\"@id\":\"https:\\\/\\\/artspond.com\\\/fr\\\/2018\\\/07\\\/27\\\/reflexions-dete-melanie-cohen\\\/\"},\"wordCount\":515,\"image\":{\"@id\":\"https:\\\/\\\/artspond.com\\\/fr\\\/2018\\\/07\\\/27\\\/reflexions-dete-melanie-cohen\\\/#primaryimage\"},\"thumbnailUrl\":\"https:\\\/\\\/artspond.com\\\/wp-content\\\/uploads\\\/2018\\\/07\\\/2018-Cohen-Melanie-1.jpg\",\"keywords\":[\"Histoires du personnel\"],\"articleSection\":[\"News\"],\"inLanguage\":\"fr-FR\"},{\"@type\":\"WebPage\",\"@id\":\"https:\\\/\\\/artspond.com\\\/fr\\\/2018\\\/07\\\/27\\\/reflexions-dete-melanie-cohen\\\/\",\"url\":\"https:\\\/\\\/artspond.com\\\/fr\\\/2018\\\/07\\\/27\\\/reflexions-dete-melanie-cohen\\\/\",\"name\":\"R\u00e9flexions d'\u00e9t\u00e9: Melanie Cohen - ArtsPond\",\"isPartOf\":{\"@id\":\"https:\\\/\\\/artspond.com\\\/fr\\\/#website\"},\"primaryImageOfPage\":{\"@id\":\"https:\\\/\\\/artspond.com\\\/fr\\\/2018\\\/07\\\/27\\\/reflexions-dete-melanie-cohen\\\/#primaryimage\"},\"image\":{\"@id\":\"https:\\\/\\\/artspond.com\\\/fr\\\/2018\\\/07\\\/27\\\/reflexions-dete-melanie-cohen\\\/#primaryimage\"},\"thumbnailUrl\":\"https:\\\/\\\/artspond.com\\\/wp-content\\\/uploads\\\/2018\\\/07\\\/2018-Cohen-Melanie-1.jpg\",\"datePublished\":\"2018-07-27T19:55:57+00:00\",\"dateModified\":\"2021-05-20T20:59:01+00:00\",\"author\":{\"@id\":\"https:\\\/\\\/artspond.com\\\/fr\\\/#\\\/schema\\\/person\\\/bd83bce66ca5f08a60b95c4cf5f1b96b\"},\"description\":\"Melanie Cohen partage quelques r\u00e9flexions sur son temps pass\u00e9 \u00e0 ArtsPond en tant qu'assistante d'\u00e9ducation et de sensibilisation, financ\u00e9e par Emplois d'\u00e9t\u00e9 Canada.\",\"breadcrumb\":{\"@id\":\"https:\\\/\\\/artspond.com\\\/fr\\\/2018\\\/07\\\/27\\\/reflexions-dete-melanie-cohen\\\/#breadcrumb\"},\"inLanguage\":\"fr-FR\",\"potentialAction\":[{\"@type\":\"ReadAction\",\"target\":[\"https:\\\/\\\/artspond.com\\\/fr\\\/2018\\\/07\\\/27\\\/reflexions-dete-melanie-cohen\\\/\"]}]},{\"@type\":\"ImageObject\",\"inLanguage\":\"fr-FR\",\"@id\":\"https:\\\/\\\/artspond.com\\\/fr\\\/2018\\\/07\\\/27\\\/reflexions-dete-melanie-cohen\\\/#primaryimage\",\"url\":\"https:\\\/\\\/artspond.com\\\/wp-content\\\/uploads\\\/2018\\\/07\\\/2018-Cohen-Melanie-1.jpg\",\"contentUrl\":\"https:\\\/\\\/artspond.com\\\/wp-content\\\/uploads\\\/2018\\\/07\\\/2018-Cohen-Melanie-1.jpg\",\"width\":900,\"height\":600},{\"@type\":\"BreadcrumbList\",\"@id\":\"https:\\\/\\\/artspond.com\\\/fr\\\/2018\\\/07\\\/27\\\/reflexions-dete-melanie-cohen\\\/#breadcrumb\",\"itemListElement\":[{\"@type\":\"ListItem\",\"position\":1,\"name\":\"Home\",\"item\":\"https:\\\/\\\/artspond.com\\\/fr\\\/\"},{\"@type\":\"ListItem\",\"position\":2,\"name\":\"R\u00e9flexions d&#8217;\u00e9t\u00e9: Melanie Cohen\"}]},{\"@type\":\"WebSite\",\"@id\":\"https:\\\/\\\/artspond.com\\\/fr\\\/#website\",\"url\":\"https:\\\/\\\/artspond.com\\\/fr\\\/\",\"name\":\"ArtsPond\",\"description\":\"\",\"potentialAction\":[{\"@type\":\"SearchAction\",\"target\":{\"@type\":\"EntryPoint\",\"urlTemplate\":\"https:\\\/\\\/artspond.com\\\/fr\\\/?s={search_term_string}\"},\"query-input\":{\"@type\":\"PropertyValueSpecification\",\"valueRequired\":true,\"valueName\":\"search_term_string\"}}],\"inLanguage\":\"fr-FR\"},{\"@type\":\"Person\",\"@id\":\"https:\\\/\\\/artspond.com\\\/fr\\\/#\\\/schema\\\/person\\\/bd83bce66ca5f08a60b95c4cf5f1b96b\",\"name\":\"ArtsPond\",\"image\":{\"@type\":\"ImageObject\",\"inLanguage\":\"fr-FR\",\"@id\":\"https:\\\/\\\/secure.gravatar.com\\\/avatar\\\/1bd5f1da097dcc1699d055b1e1d85cb2cdbe176e2ac14bff88f88c1296246b4d?s=96&d=mm&r=g\",\"url\":\"https:\\\/\\\/secure.gravatar.com\\\/avatar\\\/1bd5f1da097dcc1699d055b1e1d85cb2cdbe176e2ac14bff88f88c1296246b4d?s=96&d=mm&r=g\",\"contentUrl\":\"https:\\\/\\\/secure.gravatar.com\\\/avatar\\\/1bd5f1da097dcc1699d055b1e1d85cb2cdbe176e2ac14bff88f88c1296246b4d?s=96&d=mm&r=g\",\"caption\":\"ArtsPond\"},\"sameAs\":[\"https:\\\/\\\/artspond.com\",\"https:\\\/\\\/www.facebook.com\\\/ArtsPond8\",\"https:\\\/\\\/www.instagram.com\\\/ArtsPond8\",\"https:\\\/\\\/www.linkedin.com\\\/company\\\/artspond8\\\/\",\"https:\\\/\\\/x.com\\\/artspond8\"],\"url\":\"https:\\\/\\\/artspond.com\\\/fr\\\/author\\\/artspond\\\/\"}]}<\/script>\n<!-- \/ Yoast SEO plugin. -->","yoast_head_json":{"title":"R\u00e9flexions d'\u00e9t\u00e9: Melanie Cohen - ArtsPond","description":"Melanie Cohen partage quelques r\u00e9flexions sur son temps pass\u00e9 \u00e0 ArtsPond en tant qu'assistante d'\u00e9ducation et de sensibilisation, financ\u00e9e par Emplois d'\u00e9t\u00e9 Canada.","robots":{"index":"index","follow":"follow","max-snippet":"max-snippet:-1","max-image-preview":"max-image-preview:large","max-video-preview":"max-video-preview:-1"},"canonical":"https:\/\/artspond.com\/fr\/2018\/07\/27\/reflexions-dete-melanie-cohen\/","og_locale":"fr_FR","og_type":"article","og_title":"R\u00e9flexions d'\u00e9t\u00e9: Melanie Cohen - ArtsPond","og_description":"Melanie Cohen partage quelques r\u00e9flexions sur son temps pass\u00e9 \u00e0 ArtsPond en tant qu'assistante d'\u00e9ducation et de sensibilisation, financ\u00e9e par Emplois d'\u00e9t\u00e9 Canada.","og_url":"https:\/\/artspond.com\/fr\/2018\/07\/27\/reflexions-dete-melanie-cohen\/","og_site_name":"ArtsPond","article_author":"https:\/\/www.facebook.com\/ArtsPond8","article_published_time":"2018-07-27T19:55:57+00:00","article_modified_time":"2021-05-20T20:59:01+00:00","og_image":[{"width":900,"height":600,"url":"https:\/\/artspond.com\/wp-content\/uploads\/2018\/07\/2018-Cohen-Melanie-1.jpg","type":"image\/jpeg"}],"author":"ArtsPond","twitter_card":"summary_large_image","twitter_creator":"@artspond8","twitter_misc":{"\u00c9crit par":"ArtsPond","Dur\u00e9e de lecture estim\u00e9e":"2 minutes"},"schema":{"@context":"https:\/\/schema.org","@graph":[{"@type":"Article","@id":"https:\/\/artspond.com\/fr\/2018\/07\/27\/reflexions-dete-melanie-cohen\/#article","isPartOf":{"@id":"https:\/\/artspond.com\/fr\/2018\/07\/27\/reflexions-dete-melanie-cohen\/"},"author":{"name":"ArtsPond","@id":"https:\/\/artspond.com\/fr\/#\/schema\/person\/bd83bce66ca5f08a60b95c4cf5f1b96b"},"headline":"R\u00e9flexions d&rsquo;\u00e9t\u00e9: Melanie Cohen","datePublished":"2018-07-27T19:55:57+00:00","dateModified":"2021-05-20T20:59:01+00:00","mainEntityOfPage":{"@id":"https:\/\/artspond.com\/fr\/2018\/07\/27\/reflexions-dete-melanie-cohen\/"},"wordCount":515,"image":{"@id":"https:\/\/artspond.com\/fr\/2018\/07\/27\/reflexions-dete-melanie-cohen\/#primaryimage"},"thumbnailUrl":"https:\/\/artspond.com\/wp-content\/uploads\/2018\/07\/2018-Cohen-Melanie-1.jpg","keywords":["Histoires du personnel"],"articleSection":["News"],"inLanguage":"fr-FR"},{"@type":"WebPage","@id":"https:\/\/artspond.com\/fr\/2018\/07\/27\/reflexions-dete-melanie-cohen\/","url":"https:\/\/artspond.com\/fr\/2018\/07\/27\/reflexions-dete-melanie-cohen\/","name":"R\u00e9flexions d'\u00e9t\u00e9: Melanie Cohen - ArtsPond","isPartOf":{"@id":"https:\/\/artspond.com\/fr\/#website"},"primaryImageOfPage":{"@id":"https:\/\/artspond.com\/fr\/2018\/07\/27\/reflexions-dete-melanie-cohen\/#primaryimage"},"image":{"@id":"https:\/\/artspond.com\/fr\/2018\/07\/27\/reflexions-dete-melanie-cohen\/#primaryimage"},"thumbnailUrl":"https:\/\/artspond.com\/wp-content\/uploads\/2018\/07\/2018-Cohen-Melanie-1.jpg","datePublished":"2018-07-27T19:55:57+00:00","dateModified":"2021-05-20T20:59:01+00:00","author":{"@id":"https:\/\/artspond.com\/fr\/#\/schema\/person\/bd83bce66ca5f08a60b95c4cf5f1b96b"},"description":"Melanie Cohen partage quelques r\u00e9flexions sur son temps pass\u00e9 \u00e0 ArtsPond en tant qu'assistante d'\u00e9ducation et de sensibilisation, financ\u00e9e par Emplois d'\u00e9t\u00e9 Canada.","breadcrumb":{"@id":"https:\/\/artspond.com\/fr\/2018\/07\/27\/reflexions-dete-melanie-cohen\/#breadcrumb"},"inLanguage":"fr-FR","potentialAction":[{"@type":"ReadAction","target":["https:\/\/artspond.com\/fr\/2018\/07\/27\/reflexions-dete-melanie-cohen\/"]}]},{"@type":"ImageObject","inLanguage":"fr-FR","@id":"https:\/\/artspond.com\/fr\/2018\/07\/27\/reflexions-dete-melanie-cohen\/#primaryimage","url":"https:\/\/artspond.com\/wp-content\/uploads\/2018\/07\/2018-Cohen-Melanie-1.jpg","contentUrl":"https:\/\/artspond.com\/wp-content\/uploads\/2018\/07\/2018-Cohen-Melanie-1.jpg","width":900,"height":600},{"@type":"BreadcrumbList","@id":"https:\/\/artspond.com\/fr\/2018\/07\/27\/reflexions-dete-melanie-cohen\/#breadcrumb","itemListElement":[{"@type":"ListItem","position":1,"name":"Home","item":"https:\/\/artspond.com\/fr\/"},{"@type":"ListItem","position":2,"name":"R\u00e9flexions d&#8217;\u00e9t\u00e9: Melanie Cohen"}]},{"@type":"WebSite","@id":"https:\/\/artspond.com\/fr\/#website","url":"https:\/\/artspond.com\/fr\/","name":"ArtsPond","description":"","potentialAction":[{"@type":"SearchAction","target":{"@type":"EntryPoint","urlTemplate":"https:\/\/artspond.com\/fr\/?s={search_term_string}"},"query-input":{"@type":"PropertyValueSpecification","valueRequired":true,"valueName":"search_term_string"}}],"inLanguage":"fr-FR"},{"@type":"Person","@id":"https:\/\/artspond.com\/fr\/#\/schema\/person\/bd83bce66ca5f08a60b95c4cf5f1b96b","name":"ArtsPond","image":{"@type":"ImageObject","inLanguage":"fr-FR","@id":"https:\/\/secure.gravatar.com\/avatar\/1bd5f1da097dcc1699d055b1e1d85cb2cdbe176e2ac14bff88f88c1296246b4d?s=96&d=mm&r=g","url":"https:\/\/secure.gravatar.com\/avatar\/1bd5f1da097dcc1699d055b1e1d85cb2cdbe176e2ac14bff88f88c1296246b4d?s=96&d=mm&r=g","contentUrl":"https:\/\/secure.gravatar.com\/avatar\/1bd5f1da097dcc1699d055b1e1d85cb2cdbe176e2ac14bff88f88c1296246b4d?s=96&d=mm&r=g","caption":"ArtsPond"},"sameAs":["https:\/\/artspond.com","https:\/\/www.facebook.com\/ArtsPond8","https:\/\/www.instagram.com\/ArtsPond8","https:\/\/www.linkedin.com\/company\/artspond8\/","https:\/\/x.com\/artspond8"],"url":"https:\/\/artspond.com\/fr\/author\/artspond\/"}]}},"_links":{"self":[{"href":"https:\/\/artspond.com\/fr\/wp-json\/wp\/v2\/posts\/6446","targetHints":{"allow":["GET"]}}],"collection":[{"href":"https:\/\/artspond.com\/fr\/wp-json\/wp\/v2\/posts"}],"about":[{"href":"https:\/\/artspond.com\/fr\/wp-json\/wp\/v2\/types\/post"}],"author":[{"embeddable":true,"href":"https:\/\/artspond.com\/fr\/wp-json\/wp\/v2\/users\/1"}],"replies":[{"embeddable":true,"href":"https:\/\/artspond.com\/fr\/wp-json\/wp\/v2\/comments?post=6446"}],"version-history":[{"count":0,"href":"https:\/\/artspond.com\/fr\/wp-json\/wp\/v2\/posts\/6446\/revisions"}],"wp:featuredmedia":[{"embeddable":true,"href":"https:\/\/artspond.com\/fr\/wp-json\/wp\/v2\/media\/4667"}],"wp:attachment":[{"href":"https:\/\/artspond.com\/fr\/wp-json\/wp\/v2\/media?parent=6446"}],"wp:term":[{"taxonomy":"category","embeddable":true,"href":"https:\/\/artspond.com\/fr\/wp-json\/wp\/v2\/categories?post=6446"},{"taxonomy":"post_tag","embeddable":true,"href":"https:\/\/artspond.com\/fr\/wp-json\/wp\/v2\/tags?post=6446"}],"curies":[{"name":"wp","href":"https:\/\/api.w.org\/{rel}","templated":true}]}}