{"id":16929,"date":"2026-04-05T10:23:02","date_gmt":"2026-04-05T14:23:02","guid":{"rendered":"https:\/\/artspond.com\/2026\/04\/05\/un-changement-avec-soin\/"},"modified":"2026-04-05T10:23:02","modified_gmt":"2026-04-05T14:23:02","slug":"un-changement-avec-soin","status":"publish","type":"post","link":"https:\/\/artspond.com\/fr\/2026\/04\/05\/un-changement-avec-soin\/","title":{"rendered":"Un changement avec soin"},"content":{"rendered":"<p><em>Trouv\u00e9 ! est une s\u00e9rie de blogue occasionnelle de la fondatrice d\u2019\u00c9tang d\u2019Arts, Jessa Agilo. Dans cet article, Jessa vous invite \u00e0 nous rejoindre pour placer plus profond\u00e9ment les communaut\u00e9s sourdes et en situation de handicap au centre de notre \u00e9cologie.<\/p>\n<p>  <\/em><\/p>\n<p>&nbsp;<\/p>\n<h3>Le\u00e7ons tir\u00e9es de notre premi\u00e8re d\u00e9cennie<\/h3>\n<p>Au cours de la derni\u00e8re d\u00e9cennie, notre travail a \u00e9volu\u00e9 de mani\u00e8re \u00e0 la fois significative et exigeante. Nous avons cherch\u00e9 \u00e0 faire de la place \u00e0 de nombreuses communaut\u00e9s en qu\u00eate d\u2019\u00e9quit\u00e9 et de justice. Chaque communaut\u00e9 en marge m\u00e9rite d\u2019\u00eatre plac\u00e9e au premier plan. Chacune m\u00e9rite une attention et un soin r\u00e9els.<\/p>\n<p>   <\/p>\n<p>Nous constatons aujourd\u2019hui que tenter de tout porter en m\u00eame temps nous a \u00e9tir\u00e9s au-del\u00e0 de ce \u00e0 quoi nous \u00e9tions pr\u00eats. \u00c0 mesure que nous avan\u00e7ons, nous avons choisi de prioriser les croisements entre l\u2019accessibilit\u00e9, le handicap et la justice \u00e9conomique dans le monde num\u00e9rique. Ces valeurs sont au c\u0153ur de la mani\u00e8re dont nous voulons soutenir les communaut\u00e9s en marge.<\/p>\n<p>  <\/p>\n<p>Nous avons beaucoup appris au cours de ce parcours. Certains moments ont \u00e9t\u00e9 difficiles. D\u2019autres nous ont montr\u00e9 o\u00f9 nous devons \u00e9voluer. Beaucoup nous ont rappel\u00e9 que nous devons avancer avec une intention plus claire et un sens plus affirm\u00e9. Nous devons aussi avancer \u00e0 un rythme qui prot\u00e8ge le bien-\u00eatre de tous les participants. Cela inclut toutes les communaut\u00e9s en marge. Chacune m\u00e9rite d\u2019\u00eatre plac\u00e9e au centre avec respect et honn\u00eatet\u00e9.      <\/p>\n<h3>Avancer avec intention<\/h3>\n<p>En raison de ces apprentissages, nous op\u00e9rons un changement. Ce changement s\u2019accompagne d\u2019humilit\u00e9. Il s\u2019accompagne aussi d\u2019espoir.  <\/p>\n<p>Nous souhaitons que les personnes sourdes, aveugles, K\/Crip, Mad, neurodivergentes, malades, \u201cspoonie\u201d et d\u2019autres personnes en situation de handicap contribuent \u00e0 orienter nos plans pour l\u2019avenir. Cela inclut les personnes sourdes et en situation de handicap qui sont aussi 2SLGBTQIA+, autochtones, francophones, de la nouvelle g\u00e9n\u00e9ration, nouvellement arriv\u00e9es, en p\u00e9riph\u00e9rie, racis\u00e9es, femmes, trans, non binaires et issues d\u2019autres communaut\u00e9s en marge. Leurs perspectives contribueront \u00e0 fa\u00e7onner ce qui vient ensuite.   <\/p>\n<p>Nos <strong><a href=\"https:\/\/artspond.com\/equity-and-justice\/\" target=\"_blank\" rel=\"noopener\">engagements envers de multiples communaut\u00e9s en qu\u00eate d\u2019\u00e9quit\u00e9 et de justice<\/a><\/strong> ne changent pas. Ces communaut\u00e9s seront toujours les bienvenues. Leurs relations avec nous demeurent essentielles. Ce qui change, c\u2019est notre priorit\u00e9 au sein de ces communaut\u00e9s. Nous souhaitons accorder la priorit\u00e9 aux voix et aux exp\u00e9riences v\u00e9cues des personnes sourdes et en situation de handicap issues de ces groupes dans notre planifications \u00e0 venir.<\/p>\n<p>    <\/p>\n<p>Nous sollicitons l\u2019apport de toutes les communaut\u00e9s en marge pour nous aider \u00e0 op\u00e9rer ce changement de mani\u00e8re positive et soutenante. Nous esp\u00e9rons que cette orientation renforcera nos relations. Nous ne voulons pas que notre travail se restreigne. Nous voulons qu\u2019il s\u2019approfondisse.   <\/p>\n<p>Cette d\u00e9cision d\u00e9coule d\u2019un travail de r\u00e9flexion et de soin. Nous avons \u00e9t\u00e9 confront\u00e9s \u00e0 des tensions que nous n\u2019\u00e9tions pas pleinement pr\u00eats \u00e0 naviguer. Par moments, le poids de ces situations a repos\u00e9 trop lourdement sur notre communaut\u00e9. Nous voulons que notre travail soit ancr\u00e9 dans la s\u00e9curit\u00e9 et la clart\u00e9. Nous voulons que nos valeurs se manifestent dans la pratique, et pas seulement dans les mots.    <\/p>\n<p>Nous ne nous \u00e9loignons pas de notre mission. Nous choisissons de la traverser avec plus d\u2019intention. Nous choisissons la profondeur plut\u00f4t que l\u2019accablement. Cette \u00e9tape est temporaire. Elle nous pr\u00e9pare \u00e0 un moment o\u00f9 nous pourrons \u00e0 nouveau nous ouvrir \u00e0 toute l\u2019ampleur de notre raison d\u2019\u00eatre. Nous croyons que ce moment viendra.     <\/p>\n<h3>Ce sur quoi nous travaillons actuellement<br \/><\/h3>\n<p>\u00c0 court terme, nous cr\u00e9ons un espace pour la r\u00e9flexion et l\u2019orientation par les communaut\u00e9s. L\u2019une de nos premi\u00e8res \u00e9tapes consiste \u00e0 mettre en place un <strong><a href=\"https:\/\/artspond.com\/fr\/2026\/04\/07\/jobs-access-circle\/\" target=\"_blank\" rel=\"noopener\">Cercle d\u2019acc\u00e8s<\/a><\/strong> r\u00e9mun\u00e9r\u00e9 avec des cr\u00e9atifs sourds et en situation de handicap de partout au Canada au printemps et \u00e0 l\u2019\u00e9t\u00e9 2026. Cela sera suivi d\u2019une table ronde communautaire ouverte sur l\u2019avenir du changement social et du soin au sein des communaut\u00e9s sourdes et en situation de handicap \u00e0 l\u2019automne 2026. Ces conversations aideront \u00e0 fa\u00e7onner la suite. Elles orienteront nos plans \u00e0 long terme et approfondiront notre compr\u00e9hension de ce que peuvent \u00eatre le soutien, le leadership et la justice en pratique. Restez \u00e0 l\u2019aff\u00fbt pour plus de d\u00e9tails.     <\/p>\n<p>Pour le moment, nous avan\u00e7ons avec soin et curiosit\u00e9. Nous avan\u00e7ons avec confiance envers les communaut\u00e9s qui nous fa\u00e7onnent. Merci de faire partie de ce parcours. Nous demeurons engag\u00e9s envers le monde auquel nous croyons. Nous prenons le temps d\u2019y avancer d\u2019une mani\u00e8re qui prot\u00e8ge les personnes et r\u00e9duit les pr\u00e9judices. Nous sommes port\u00e9s par l\u2019espoir pour la suite.     <\/p>\n","protected":false},"excerpt":{"rendered":"<p>Nous op\u00e9rons un changement avec soin. Rejoignez-nous pour placer plus profond\u00e9ment les communaut\u00e9s sourdes et en situation de handicap au centre de notre \u00e9cologie.  <\/p>\n","protected":false},"author":2,"featured_media":16928,"comment_status":"closed","ping_status":"closed","sticky":false,"template":"","format":"standard","meta":{"footnotes":""},"categories":[238],"tags":[573,342,330],"class_list":["post-16929","post","type-post","status-publish","format-standard","has-post-thumbnail","hentry","category-jai-trouve","tag-acces","tag-plan-strategique","tag-soins"],"yoast_head":"<!-- This site is optimized with the Yoast SEO plugin v27.5 - https:\/\/yoast.com\/product\/yoast-seo-wordpress\/ -->\n<title>Un changement avec soin - ArtsPond<\/title>\n<meta name=\"description\" content=\"Nous op\u00e9rons un changement avec soin. Rejoignez-nous pour placer plus profond\u00e9ment les communaut\u00e9s sourdes et en situation de handicap au centre de notre \u00e9cologie.\" \/>\n<meta name=\"robots\" content=\"index, follow, max-snippet:-1, max-image-preview:large, max-video-preview:-1\" \/>\n<link rel=\"canonical\" href=\"https:\/\/artspond.com\/fr\/2026\/04\/05\/un-changement-avec-soin\/\" \/>\n<meta property=\"og:locale\" content=\"fr_FR\" \/>\n<meta property=\"og:type\" content=\"article\" \/>\n<meta property=\"og:title\" content=\"Un changement avec soin - ArtsPond\" \/>\n<meta property=\"og:description\" content=\"Nous op\u00e9rons un changement avec soin. Rejoignez-nous pour placer plus profond\u00e9ment les communaut\u00e9s sourdes et en situation de handicap au centre de notre \u00e9cologie.\" \/>\n<meta property=\"og:url\" content=\"https:\/\/artspond.com\/fr\/2026\/04\/05\/un-changement-avec-soin\/\" \/>\n<meta property=\"og:site_name\" content=\"ArtsPond\" \/>\n<meta property=\"article:published_time\" content=\"2026-04-05T14:23:02+00:00\" \/>\n<meta property=\"og:image\" content=\"https:\/\/artspond.com\/wp-content\/uploads\/2026\/04\/2026-04-08-Change-Care_FBp-1024x538.jpg\" \/>\n<meta name=\"author\" content=\"Jessa Agilo\" \/>\n<meta name=\"twitter:card\" content=\"summary_large_image\" \/>\n<meta name=\"twitter:image\" content=\"https:\/\/artspond.com\/wp-content\/uploads\/2026\/04\/2026-04-08-Change-Care_FBp-1024x538.jpg\" \/>\n<meta name=\"twitter:label1\" content=\"\u00c9crit par\" \/>\n\t<meta name=\"twitter:data1\" content=\"Jessa Agilo\" \/>\n\t<meta name=\"twitter:label2\" content=\"Dur\u00e9e de lecture estim\u00e9e\" \/>\n\t<meta name=\"twitter:data2\" content=\"4 minutes\" \/>\n<script type=\"application\/ld+json\" class=\"yoast-schema-graph\">{\"@context\":\"https:\\\/\\\/schema.org\",\"@graph\":[{\"@type\":\"Article\",\"@id\":\"https:\\\/\\\/artspond.com\\\/fr\\\/2026\\\/04\\\/05\\\/un-changement-avec-soin\\\/#article\",\"isPartOf\":{\"@id\":\"https:\\\/\\\/artspond.com\\\/fr\\\/2026\\\/04\\\/05\\\/un-changement-avec-soin\\\/\"},\"author\":{\"name\":\"Jessa Agilo\",\"@id\":\"https:\\\/\\\/artspond.com\\\/fr\\\/#\\\/schema\\\/person\\\/6d10f2ce42790040f3e85bb287cb6ca9\"},\"headline\":\"Un changement avec soin\",\"datePublished\":\"2026-04-05T14:23:02+00:00\",\"mainEntityOfPage\":{\"@id\":\"https:\\\/\\\/artspond.com\\\/fr\\\/2026\\\/04\\\/05\\\/un-changement-avec-soin\\\/\"},\"wordCount\":832,\"image\":{\"@id\":\"https:\\\/\\\/artspond.com\\\/fr\\\/2026\\\/04\\\/05\\\/un-changement-avec-soin\\\/#primaryimage\"},\"thumbnailUrl\":\"https:\\\/\\\/artspond.com\\\/wp-content\\\/uploads\\\/2026\\\/04\\\/2026-04-08-Change-Care_AP.jpg\",\"keywords\":[\"Acc\u00e8s\",\"Plan strat\u00e9gique\",\"Soins\"],\"articleSection\":[\"J'ai trouv\u00e9 !\"],\"inLanguage\":\"fr-FR\"},{\"@type\":\"WebPage\",\"@id\":\"https:\\\/\\\/artspond.com\\\/fr\\\/2026\\\/04\\\/05\\\/un-changement-avec-soin\\\/\",\"url\":\"https:\\\/\\\/artspond.com\\\/fr\\\/2026\\\/04\\\/05\\\/un-changement-avec-soin\\\/\",\"name\":\"Un changement avec soin - ArtsPond\",\"isPartOf\":{\"@id\":\"https:\\\/\\\/artspond.com\\\/fr\\\/#website\"},\"primaryImageOfPage\":{\"@id\":\"https:\\\/\\\/artspond.com\\\/fr\\\/2026\\\/04\\\/05\\\/un-changement-avec-soin\\\/#primaryimage\"},\"image\":{\"@id\":\"https:\\\/\\\/artspond.com\\\/fr\\\/2026\\\/04\\\/05\\\/un-changement-avec-soin\\\/#primaryimage\"},\"thumbnailUrl\":\"https:\\\/\\\/artspond.com\\\/wp-content\\\/uploads\\\/2026\\\/04\\\/2026-04-08-Change-Care_AP.jpg\",\"datePublished\":\"2026-04-05T14:23:02+00:00\",\"author\":{\"@id\":\"https:\\\/\\\/artspond.com\\\/fr\\\/#\\\/schema\\\/person\\\/6d10f2ce42790040f3e85bb287cb6ca9\"},\"description\":\"Nous op\u00e9rons un changement avec soin. Rejoignez-nous pour placer plus profond\u00e9ment les communaut\u00e9s sourdes et en situation de handicap au centre de notre \u00e9cologie.\",\"breadcrumb\":{\"@id\":\"https:\\\/\\\/artspond.com\\\/fr\\\/2026\\\/04\\\/05\\\/un-changement-avec-soin\\\/#breadcrumb\"},\"inLanguage\":\"fr-FR\",\"potentialAction\":[{\"@type\":\"ReadAction\",\"target\":[\"https:\\\/\\\/artspond.com\\\/fr\\\/2026\\\/04\\\/05\\\/un-changement-avec-soin\\\/\"]}]},{\"@type\":\"ImageObject\",\"inLanguage\":\"fr-FR\",\"@id\":\"https:\\\/\\\/artspond.com\\\/fr\\\/2026\\\/04\\\/05\\\/un-changement-avec-soin\\\/#primaryimage\",\"url\":\"https:\\\/\\\/artspond.com\\\/wp-content\\\/uploads\\\/2026\\\/04\\\/2026-04-08-Change-Care_AP.jpg\",\"contentUrl\":\"https:\\\/\\\/artspond.com\\\/wp-content\\\/uploads\\\/2026\\\/04\\\/2026-04-08-Change-Care_AP.jpg\",\"width\":900,\"height\":630,\"caption\":\"Photographie par Charles Deluvio (Unsplash)\"},{\"@type\":\"BreadcrumbList\",\"@id\":\"https:\\\/\\\/artspond.com\\\/fr\\\/2026\\\/04\\\/05\\\/un-changement-avec-soin\\\/#breadcrumb\",\"itemListElement\":[{\"@type\":\"ListItem\",\"position\":1,\"name\":\"Home\",\"item\":\"https:\\\/\\\/artspond.com\\\/fr\\\/\"},{\"@type\":\"ListItem\",\"position\":2,\"name\":\"Un changement avec soin\"}]},{\"@type\":\"WebSite\",\"@id\":\"https:\\\/\\\/artspond.com\\\/fr\\\/#website\",\"url\":\"https:\\\/\\\/artspond.com\\\/fr\\\/\",\"name\":\"ArtsPond\",\"description\":\"\",\"potentialAction\":[{\"@type\":\"SearchAction\",\"target\":{\"@type\":\"EntryPoint\",\"urlTemplate\":\"https:\\\/\\\/artspond.com\\\/fr\\\/?s={search_term_string}\"},\"query-input\":{\"@type\":\"PropertyValueSpecification\",\"valueRequired\":true,\"valueName\":\"search_term_string\"}}],\"inLanguage\":\"fr-FR\"},{\"@type\":\"Person\",\"@id\":\"https:\\\/\\\/artspond.com\\\/fr\\\/#\\\/schema\\\/person\\\/6d10f2ce42790040f3e85bb287cb6ca9\",\"name\":\"Jessa Agilo\",\"image\":{\"@type\":\"ImageObject\",\"inLanguage\":\"fr-FR\",\"@id\":\"https:\\\/\\\/secure.gravatar.com\\\/avatar\\\/95fe41f0b0e751bb1ffaa1ade0da64f454f04d2ea2aae345b4f1962782f464dd?s=96&d=mm&r=g\",\"url\":\"https:\\\/\\\/secure.gravatar.com\\\/avatar\\\/95fe41f0b0e751bb1ffaa1ade0da64f454f04d2ea2aae345b4f1962782f464dd?s=96&d=mm&r=g\",\"contentUrl\":\"https:\\\/\\\/secure.gravatar.com\\\/avatar\\\/95fe41f0b0e751bb1ffaa1ade0da64f454f04d2ea2aae345b4f1962782f464dd?s=96&d=mm&r=g\",\"caption\":\"Jessa Agilo\"},\"description\":\"ArtsPond Founder &amp; CEO. Art for life. Art for good. Art for change and care.\",\"sameAs\":[\"https:\\\/\\\/artspond.com\"],\"url\":\"https:\\\/\\\/artspond.com\\\/fr\\\/author\\\/jessa\\\/\"}]}<\/script>\n<!-- \/ Yoast SEO plugin. -->","yoast_head_json":{"title":"Un changement avec soin - ArtsPond","description":"Nous op\u00e9rons un changement avec soin. Rejoignez-nous pour placer plus profond\u00e9ment les communaut\u00e9s sourdes et en situation de handicap au centre de notre \u00e9cologie.","robots":{"index":"index","follow":"follow","max-snippet":"max-snippet:-1","max-image-preview":"max-image-preview:large","max-video-preview":"max-video-preview:-1"},"canonical":"https:\/\/artspond.com\/fr\/2026\/04\/05\/un-changement-avec-soin\/","og_locale":"fr_FR","og_type":"article","og_title":"Un changement avec soin - ArtsPond","og_description":"Nous op\u00e9rons un changement avec soin. Rejoignez-nous pour placer plus profond\u00e9ment les communaut\u00e9s sourdes et en situation de handicap au centre de notre \u00e9cologie.","og_url":"https:\/\/artspond.com\/fr\/2026\/04\/05\/un-changement-avec-soin\/","og_site_name":"ArtsPond","article_published_time":"2026-04-05T14:23:02+00:00","og_image":[{"url":"https:\/\/artspond.com\/wp-content\/uploads\/2026\/04\/2026-04-08-Change-Care_FBp-1024x538.jpg","type":"","width":"","height":""}],"author":"Jessa Agilo","twitter_card":"summary_large_image","twitter_image":"https:\/\/artspond.com\/wp-content\/uploads\/2026\/04\/2026-04-08-Change-Care_FBp-1024x538.jpg","twitter_misc":{"\u00c9crit par":"Jessa Agilo","Dur\u00e9e de lecture estim\u00e9e":"4 minutes"},"schema":{"@context":"https:\/\/schema.org","@graph":[{"@type":"Article","@id":"https:\/\/artspond.com\/fr\/2026\/04\/05\/un-changement-avec-soin\/#article","isPartOf":{"@id":"https:\/\/artspond.com\/fr\/2026\/04\/05\/un-changement-avec-soin\/"},"author":{"name":"Jessa Agilo","@id":"https:\/\/artspond.com\/fr\/#\/schema\/person\/6d10f2ce42790040f3e85bb287cb6ca9"},"headline":"Un changement avec soin","datePublished":"2026-04-05T14:23:02+00:00","mainEntityOfPage":{"@id":"https:\/\/artspond.com\/fr\/2026\/04\/05\/un-changement-avec-soin\/"},"wordCount":832,"image":{"@id":"https:\/\/artspond.com\/fr\/2026\/04\/05\/un-changement-avec-soin\/#primaryimage"},"thumbnailUrl":"https:\/\/artspond.com\/wp-content\/uploads\/2026\/04\/2026-04-08-Change-Care_AP.jpg","keywords":["Acc\u00e8s","Plan strat\u00e9gique","Soins"],"articleSection":["J'ai trouv\u00e9 !"],"inLanguage":"fr-FR"},{"@type":"WebPage","@id":"https:\/\/artspond.com\/fr\/2026\/04\/05\/un-changement-avec-soin\/","url":"https:\/\/artspond.com\/fr\/2026\/04\/05\/un-changement-avec-soin\/","name":"Un changement avec soin - ArtsPond","isPartOf":{"@id":"https:\/\/artspond.com\/fr\/#website"},"primaryImageOfPage":{"@id":"https:\/\/artspond.com\/fr\/2026\/04\/05\/un-changement-avec-soin\/#primaryimage"},"image":{"@id":"https:\/\/artspond.com\/fr\/2026\/04\/05\/un-changement-avec-soin\/#primaryimage"},"thumbnailUrl":"https:\/\/artspond.com\/wp-content\/uploads\/2026\/04\/2026-04-08-Change-Care_AP.jpg","datePublished":"2026-04-05T14:23:02+00:00","author":{"@id":"https:\/\/artspond.com\/fr\/#\/schema\/person\/6d10f2ce42790040f3e85bb287cb6ca9"},"description":"Nous op\u00e9rons un changement avec soin. Rejoignez-nous pour placer plus profond\u00e9ment les communaut\u00e9s sourdes et en situation de handicap au centre de notre \u00e9cologie.","breadcrumb":{"@id":"https:\/\/artspond.com\/fr\/2026\/04\/05\/un-changement-avec-soin\/#breadcrumb"},"inLanguage":"fr-FR","potentialAction":[{"@type":"ReadAction","target":["https:\/\/artspond.com\/fr\/2026\/04\/05\/un-changement-avec-soin\/"]}]},{"@type":"ImageObject","inLanguage":"fr-FR","@id":"https:\/\/artspond.com\/fr\/2026\/04\/05\/un-changement-avec-soin\/#primaryimage","url":"https:\/\/artspond.com\/wp-content\/uploads\/2026\/04\/2026-04-08-Change-Care_AP.jpg","contentUrl":"https:\/\/artspond.com\/wp-content\/uploads\/2026\/04\/2026-04-08-Change-Care_AP.jpg","width":900,"height":630,"caption":"Photographie par Charles Deluvio (Unsplash)"},{"@type":"BreadcrumbList","@id":"https:\/\/artspond.com\/fr\/2026\/04\/05\/un-changement-avec-soin\/#breadcrumb","itemListElement":[{"@type":"ListItem","position":1,"name":"Home","item":"https:\/\/artspond.com\/fr\/"},{"@type":"ListItem","position":2,"name":"Un changement avec soin"}]},{"@type":"WebSite","@id":"https:\/\/artspond.com\/fr\/#website","url":"https:\/\/artspond.com\/fr\/","name":"ArtsPond","description":"","potentialAction":[{"@type":"SearchAction","target":{"@type":"EntryPoint","urlTemplate":"https:\/\/artspond.com\/fr\/?s={search_term_string}"},"query-input":{"@type":"PropertyValueSpecification","valueRequired":true,"valueName":"search_term_string"}}],"inLanguage":"fr-FR"},{"@type":"Person","@id":"https:\/\/artspond.com\/fr\/#\/schema\/person\/6d10f2ce42790040f3e85bb287cb6ca9","name":"Jessa Agilo","image":{"@type":"ImageObject","inLanguage":"fr-FR","@id":"https:\/\/secure.gravatar.com\/avatar\/95fe41f0b0e751bb1ffaa1ade0da64f454f04d2ea2aae345b4f1962782f464dd?s=96&d=mm&r=g","url":"https:\/\/secure.gravatar.com\/avatar\/95fe41f0b0e751bb1ffaa1ade0da64f454f04d2ea2aae345b4f1962782f464dd?s=96&d=mm&r=g","contentUrl":"https:\/\/secure.gravatar.com\/avatar\/95fe41f0b0e751bb1ffaa1ade0da64f454f04d2ea2aae345b4f1962782f464dd?s=96&d=mm&r=g","caption":"Jessa Agilo"},"description":"ArtsPond Founder &amp; CEO. Art for life. Art for good. Art for change and care.","sameAs":["https:\/\/artspond.com"],"url":"https:\/\/artspond.com\/fr\/author\/jessa\/"}]}},"_links":{"self":[{"href":"https:\/\/artspond.com\/fr\/wp-json\/wp\/v2\/posts\/16929","targetHints":{"allow":["GET"]}}],"collection":[{"href":"https:\/\/artspond.com\/fr\/wp-json\/wp\/v2\/posts"}],"about":[{"href":"https:\/\/artspond.com\/fr\/wp-json\/wp\/v2\/types\/post"}],"author":[{"embeddable":true,"href":"https:\/\/artspond.com\/fr\/wp-json\/wp\/v2\/users\/2"}],"replies":[{"embeddable":true,"href":"https:\/\/artspond.com\/fr\/wp-json\/wp\/v2\/comments?post=16929"}],"version-history":[{"count":0,"href":"https:\/\/artspond.com\/fr\/wp-json\/wp\/v2\/posts\/16929\/revisions"}],"wp:featuredmedia":[{"embeddable":true,"href":"https:\/\/artspond.com\/fr\/wp-json\/wp\/v2\/media\/16928"}],"wp:attachment":[{"href":"https:\/\/artspond.com\/fr\/wp-json\/wp\/v2\/media?parent=16929"}],"wp:term":[{"taxonomy":"category","embeddable":true,"href":"https:\/\/artspond.com\/fr\/wp-json\/wp\/v2\/categories?post=16929"},{"taxonomy":"post_tag","embeddable":true,"href":"https:\/\/artspond.com\/fr\/wp-json\/wp\/v2\/tags?post=16929"}],"curies":[{"name":"wp","href":"https:\/\/api.w.org\/{rel}","templated":true}]}}